{"id":112926,"date":"2025-05-19T23:21:09","date_gmt":"2025-05-19T23:21:09","guid":{"rendered":"https:\/\/www.europesays.com\/fr\/112926\/"},"modified":"2025-05-19T23:21:09","modified_gmt":"2025-05-19T23:21:09","slug":"simon-defrance-un-champion-regional-assez-emerveille-chez-soudal-quick-step-actualite","status":"publish","type":"post","link":"https:\/\/www.europesays.com\/fr\/112926\/","title":{"rendered":"Simon Defrance, un Champion r\u00e9gional \u00ab assez \u00e9merveill\u00e9 \u00bb chez Soudal Quick-Step &#8211; Actualit\u00e9"},"content":{"rendered":"<p style=\"text-align: justify;\">Simon Defrance n\u2019a pas tergivers\u00e9, ce dimanche, pour rapidement se retrouver\u00a0\u00e0 l&rsquo;avant sur le Championnat de Nouvelle-Aquitaine Juniors. \u201cJ\u2019ai \u00e9t\u00e9 assez naturellement dans l\u2019\u00e9chapp\u00e9e. Le peloton n\u2019a pas r\u00e9agi, \u00e7a a vite fait rideau derri\u00e8re. Je ne me suis pas trop pos\u00e9 de questions. Il y avait vraiment possibilit\u00e9 d\u2019aller au bout\u00a0\u00bb, confie au micro de DirectVelo le pensionnaire de Soudal Quick-Step U19, licenci\u00e9 au Cercle Nouvelle-Aquitain.\u00a0<\/p>\n<p>Plut\u00f4t serein sur les chances de l&rsquo;\u00e9chapp\u00e9e de se jouer la victoire sur un parcours dessin\u00e9 autour de\u00a0Tarnos (Landes), le\u00a0coureur de 17 ans n&rsquo;a pas ch\u00f4m\u00e9 \u00e0 l&rsquo;avant. \u201cJe n\u2019\u00e9tais pas trop inquiet, mais il fallait quand m\u00eame continuer et ne pas trop se relever, m\u00eame si on avait deux minutes d\u2019avance. \u00c0 deux tours de l\u2019arriv\u00e9e, j\u2019ai compris qu\u2019on ne serait pas rejoints\u201c. Le\u00a0Deux-S\u00e9vrien a alors commenc\u00e9 \u00e0\u00a0penser \u00e0 la fa\u00e7on de se d\u00e9barrasser de ses derniers compagnons de fugue, <strong>Mattei Cacault (A.PO.G\u00c9 Cycliste) et\u00a0<\/strong>Gabin Gauthier (Creuse Oxyg\u00e8ne Gu\u00e9ret). \u201cJ\u2019ai attaqu\u00e9 dans le petit p\u00e9tard juste apr\u00e8s la flamme rouge. J\u2019\u00e9tais assez s\u00fbr de moi, sachant qu\u2019il restait un kilom\u00e8tre. J\u2019avais juste \u00e0 appuyer le plus fort possible sur les p\u00e9dales. J&rsquo;ai tout donn\u00e9\u201c.\u00a0L&rsquo;ancien soci\u00e9taire de\u00a0PSF Niort, vainqueur \u00e0 douze reprises l&rsquo;an pass\u00e9 en Cadet, n\u2019a plus \u00e9t\u00e9 revu jusqu&rsquo;\u00e0 la ligne d&rsquo;arriv\u00e9e (<strong><a href=\"https:\/\/www.directvelo.com\/actualite\/120768\/championnat-de-nouvelle-aquitaine-juniors-classement\" target=\"_blank\" rel=\"noopener\">voir classement<\/a><\/strong>).<br \/>Il s\u2019agit de son deuxi\u00e8me succ\u00e8s de la saison, apr\u00e8s le contre-la-montre de la Penn Ar Bed-Bro an Hirwazh, il y a un mois (<strong><a href=\"https:\/\/www.directvelo.com\/coureur\/61710\/simon-defrance\" target=\"_blank\" rel=\"noopener\">voir sa fiche DirectVelo<\/a><\/strong>). \u201cQuand j&rsquo;ai gagn\u00e9 ma course UCI, je m&rsquo;\u00e9tais dit que je r\u00e9alisais un tr\u00e8s bon d\u00e9but de saison. L\u00e0, on arrive doucement vers le milieu de saison et c\u2019est agr\u00e9able d\u2019obtenir une deuxi\u00e8me victoire \u00e0 ce moment-l\u00e0. Ce sont deux victoires assez importantes, donc je suis vraiment content\u201c.\u00a0Tout comme il est ravi de d\u00e9fendre les couleurs de l&rsquo;\u00e9quipe Juniors de la Soudal Quick-Step.\u00a0\u201cQuand ils m\u2019ont appel\u00e9, j\u2019ai \u00e9t\u00e9 assez \u00e9merveill\u00e9, mais je suis rest\u00e9 concentr\u00e9 et j\u2019ai pass\u00e9 un bon hiver\u00a0\u00bb. Ses r\u00e9sultats depuis le d\u00e9but de la saison sont l\u00e0 pour le prouver.\u00a0<\/p>\n","protected":false},"excerpt":{"rendered":"Simon Defrance n\u2019a pas tergivers\u00e9, ce dimanche, pour rapidement se retrouver\u00a0\u00e0 l&rsquo;avant sur le Championnat de Nouvelle-Aquitaine Juniors.&hellip;\n","protected":false},"author":2,"featured_media":112927,"comment_status":"","ping_status":"","sticky":false,"template":"","format":"standard","meta":{"footnotes":""},"categories":[1411],"tags":[834,828,836,829,837,827,83,826,824,823,1154,207,814,817,815,816,822,821,832,211,839,1011,27,820,818,819,835,831,830,833,838,60,212,208,825],"class_list":{"0":"post-112926","1":"post","2":"type-post","3":"status-publish","4":"format-standard","5":"has-post-thumbnail","7":"category-cyclisme","8":"tag-attaque","9":"tag-belgique","10":"tag-braquet","11":"tag-bretagne","12":"tag-chute","13":"tag-competition","14":"tag-coupe-de-france","15":"tag-coureur","16":"tag-course-cyclisme","17":"tag-course-cycliste","18":"tag-cycling","19":"tag-cyclisme","20":"tag-direct","21":"tag-direct-velo","22":"tag-directvelo","23":"tag-directvelo-com","24":"tag-epreuve","25":"tag-epreuve-cycliste","26":"tag-federation-francaise-de-cyclisme","27":"tag-ffc","28":"tag-flandres","29":"tag-fr","30":"tag-france","31":"tag-live","32":"tag-live-course","33":"tag-live-epreuve","34":"tag-peloton","35":"tag-radio-peloton","36":"tag-radio-tour","37":"tag-ravitaillement","38":"tag-relance","39":"tag-sports","40":"tag-uci","41":"tag-velo","42":"tag-velos"},"share_on_mastodon":{"url":"https:\/\/pubeurope.com\/@fr\/114537069514292698","error":""},"_links":{"self":[{"href":"https:\/\/www.europesays.com\/fr\/wp-json\/wp\/v2\/posts\/112926","targetHints":{"allow":["GET"]}}],"collection":[{"href":"https:\/\/www.europesays.com\/fr\/wp-json\/wp\/v2\/posts"}],"about":[{"href":"https:\/\/www.europesays.com\/fr\/wp-json\/wp\/v2\/types\/post"}],"author":[{"embeddable":true,"href":"https:\/\/www.europesays.com\/fr\/wp-json\/wp\/v2\/users\/2"}],"replies":[{"embeddable":true,"href":"https:\/\/www.europesays.com\/fr\/wp-json\/wp\/v2\/comments?post=112926"}],"version-history":[{"count":0,"href":"https:\/\/www.europesays.com\/fr\/wp-json\/wp\/v2\/posts\/112926\/revisions"}],"wp:featuredmedia":[{"embeddable":true,"href":"https:\/\/www.europesays.com\/fr\/wp-json\/wp\/v2\/media\/112927"}],"wp:attachment":[{"href":"https:\/\/www.europesays.com\/fr\/wp-json\/wp\/v2\/media?parent=112926"}],"wp:term":[{"taxonomy":"category","embeddable":true,"href":"https:\/\/www.europesays.com\/fr\/wp-json\/wp\/v2\/categories?post=112926"},{"taxonomy":"post_tag","embeddable":true,"href":"https:\/\/www.europesays.com\/fr\/wp-json\/wp\/v2\/tags?post=112926"}],"curies":[{"name":"wp","href":"https:\/\/api.w.org\/{rel}","templated":true}]}}