{"id":1129469,"date":"2026-08-16T00:45:18","date_gmt":"2026-08-16T00:45:18","guid":{"rendered":"https:\/\/www.europesays.com\/fr\/1129469\/"},"modified":"2026-08-16T00:45:18","modified_gmt":"2026-08-16T00:45:18","slug":"apres-le-piratage-du-fisc-le-parquet-de-paris-ouvre-une-enquete-2","status":"publish","type":"post","link":"https:\/\/www.europesays.com\/fr\/1129469\/","title":{"rendered":"Apr\u00e8s le piratage du fisc, le parquet de Paris ouvre une enqu\u00eate"},"content":{"rendered":"<p>Pr\u00e8s de 700\u00a0000\u00a0usagers sont concern\u00e9s. La section cyber du parquet de <a href=\"https:\/\/www.france24.com\/fr\/tag\/paris\/\" target=\"_self\" class=\"gtm-add-suggested-tag\" rel=\"nofollow noopener\">Paris<\/a> a ouvert une enqu\u00eate apr\u00e8s <a href=\"https:\/\/www.france24.com\/fr\/france\/20260813-acteur-malveillant-pirat\u00e9-fisc-fin-juin-pr\u00e8s-de-680-000-personnes-seraient-concern\u00e9es\" target=\"_self\" rel=\"nofollow noopener\">la cyberattaque qui a vis\u00e9 l&rsquo;administration fiscale fin juin<\/a>, a indiqu\u00e9 samedi 15 ao\u00fbt le minist\u00e8re public, sollicit\u00e9 par l&rsquo;AFP.<\/p>\n<p>Les investigations, confi\u00e9es \u00e0 l&rsquo;Office anticybercriminalit\u00e9 (Ofac), concernent notamment l'\u00a0\u00bbextraction frauduleuse de donn\u00e9es contenues dans un syst\u00e8me de traitement automatis\u00e9 de donn\u00e9es \u00e0 caract\u00e8re personnel mis en \u0153uvre par l&rsquo;\u00c9tat\u00a0\u00bb.<\/p>\n<p>Il est aussi question, entre autres, d&rsquo;une \u00ab\u00a0participation \u00e0 une association de malfaiteurs en vue de la pr\u00e9paration d&rsquo;un d\u00e9lit puni d&rsquo;au moins cinq ans d&#8217;emprisonnement\u00a0\u00bb.<\/p>\n<p class=\"a-read-more\">\u00c0 lire aussi<a href=\"https:\/\/www.france24.com\/fr\/\u00e9co-tech\/20260220-piratage-de-donn\u00e9es-bancaires-la-france-tr\u00e8s-mauvaise-\u00e9l\u00e8ve-en-mati\u00e8re-de-cybers\u00e9curit\u00e9\" target=\"_self\" class=\"a-read-more__link\" rel=\"nofollow noopener\">Piratage de donn\u00e9es bancaires : la France \u00ab\u00a0tr\u00e8s mauvaise \u00e9l\u00e8ve\u00a0\u00bb en mati\u00e8re de cybers\u00e9curit\u00e9<\/a><\/p>\n<p>Cette retentissante cyberattaque contre le syst\u00e8me d&rsquo;information du fisc a permis d&rsquo;extraire des donn\u00e9es de contribuables et d&rsquo;entreprises lors d&rsquo;une op\u00e9ration \u00ab\u00a0plus sophistiqu\u00e9e\u00a0\u00bb que \u00ab\u00a0par le pass\u00e9\u00a0\u00bb, a d\u00e9plor\u00e9 l&rsquo;administration fiscale vendredi.<\/p>\n<p>Cette nouvelle attaque informatique d&rsquo;ampleur pourrait relancer le d\u00e9bat sur la s\u00e9curit\u00e9 des syst\u00e8mes d&rsquo;informations de l&rsquo;\u00c9tat, alors que de pr\u00e9c\u00e9dents \u00e9pisodes <a href=\"https:\/\/www.france24.com\/fr\/france\/20260421-pr\u00e8s-de-12-millions-de-comptes-de-l-ants-concern\u00e9s-par-une-fuite-de-donn\u00e9es-annonce-l-int\u00e9rieur\" target=\"_self\" rel=\"nofollow noopener\">ayant vis\u00e9 notamment l&rsquo;ANTS<\/a> et l&rsquo;Insee ont \u00e9maill\u00e9 l&rsquo;actualit\u00e9 ces derni\u00e8res semaines.<\/p>\n<p> Des hackeurs \u00ab\u00a0souvent autodidactes\u00a0\u00bb <\/p>\n<p>Au total, 678\u00a0000\u00a0usagers, particuliers et entreprises sont concern\u00e9s. Pour les particuliers, les donn\u00e9es d\u00e9rob\u00e9es concernent notamment les noms et pr\u00e9noms, le quotient familial, le revenu fiscal de r\u00e9f\u00e9rence et le taux de pr\u00e9l\u00e8vement \u00e0 la source, a d\u00e9taill\u00e9 la directrice g\u00e9n\u00e9rale des finances publiques Am\u00e9lie Verdier.<\/p>\n<p>Pour les entreprises, il s&rsquo;agit de \u00ab\u00a0donn\u00e9es moins sensibles que les particuliers\u00a0\u00bb, notamment le num\u00e9ro de Siren, l&rsquo;adresse de l&rsquo;entreprise, du mandataire, a encore d\u00e9taill\u00e9 Am\u00e9lie Verdier.<\/p>\n<p>Les donn\u00e9es d\u00e9rob\u00e9es \u00ab\u00a0ne permettent pas l&rsquo;acc\u00e8s au compte s\u00e9curis\u00e9 sur impots.gouv.fr\u00a0\u00bb a toutefois voulu rassurer le fisc, pr\u00e9cisant que les usagers concern\u00e9s seraient contact\u00e9s en d\u00e9but de semaine prochaine, notamment pour les avertir des risques d&rsquo;usurpation d&rsquo;identit\u00e9.<\/p>\n<p>La justice parisienne voit les cyberattaques intensives se multiplier ces derniers mois en France. Avec, \u00e0 la cl\u00e9, des hackeurs d\u00e9masqu\u00e9s derri\u00e8re leur \u00e9cran, comme ces deux pirates pr\u00e9sum\u00e9s, \u00e2g\u00e9s de 22\u00a0ans et 15\u00a0ans, mis en examen en juin apr\u00e8s le d\u00e9mant\u00e8lement du groupe \u00ab\u00a0Dumpsec\u00a0\u00bb, qui avait cibl\u00e9 notamment l&rsquo;<a href=\"https:\/\/www.france24.com\/fr\/tag\/assembl\u00e9e-nationale\/\" target=\"_self\" class=\"gtm-add-suggested-tag\" rel=\"nofollow noopener\">Assembl\u00e9e nationale<\/a>.<\/p>\n<p class=\"a-read-more\">\u00c0 voir aussi<a href=\"https:\/\/www.france24.com\/fr\/\u00e9missions\/c-est-en-france\/20260512-arnaques-en-ligne-nos-donn\u00e9es-personnelles-utilis\u00e9es-contre-nous\" target=\"_self\" class=\"a-read-more__link\" rel=\"nofollow noopener\">Arnaques en ligne : nos donn\u00e9es personnelles utilis\u00e9es contre nous<\/a><\/p>\n<p>Cette bande s&rsquo;\u00e9tait sp\u00e9cialis\u00e9e dans l&rsquo;extraction et la revente de donn\u00e9es informatiques sensibles, avec, \u00e0 leur tableau de chasse pr\u00e9sum\u00e9, plusieurs dizaines de millions de donn\u00e9es et plus de 1\u00a0500\u00a0soci\u00e9t\u00e9s ou entit\u00e9s, dont l&rsquo;enseigne de bricolage <a href=\"https:\/\/www.france24.com\/fr\/tag\/leroy-merlin\/\" target=\"_self\" class=\"gtm-add-suggested-tag\" rel=\"nofollow noopener\">Leroy Merlin<\/a>,\u00a0diverses f\u00e9d\u00e9rations sportives et des sites m\u00e9dicaux.<\/p>\n<p>\u00ab\u00a0Ce sont de jeunes hackeurs fran\u00e7ais en qu\u00eate de notori\u00e9t\u00e9 et se croyant hors d&rsquo;atteinte\u00a0\u00bb, avait pr\u00e9sent\u00e9 \u00e0 l&rsquo;\u00e9poque \u00e0 l&rsquo;AFP la commissaire Julie Benoit, cheffe du p\u00f4le des enqu\u00eates cyber \u00e0 l&rsquo;Ofac. Et de d\u00e9crire ces suspects comme \u00ab\u00a0totalement d\u00e9complex\u00e9s\u00a0\u00bb, \u00ab\u00a0souvent des autodidactes\u00a0\u00bb.<\/p>\n<p> De jeunes pirates <\/p>\n<p>La jeunesse des membres de la cellule \u00ab\u00a0Dumpsec\u00a0\u00bb correspond souvent au CV des pirates qui tombent dans les filets de la justice.<\/p>\n<p>Fin janvier, deux de ces hackeurs pr\u00e9sum\u00e9s avaient \u00e9t\u00e9 mis en examen pour s&rsquo;en \u00eatre pris, dans une autre affaire, aux interfaces des acad\u00e9mies de La R\u00e9union, Reims et Clermont-Ferrand, notamment, \u00e0 l&rsquo;automne 2025.<\/p>\n<p>\u00c0 l&rsquo;\u00e9poque de leur mise en examen, le plus jeune avait 17\u00a0ans, tandis que le plus \u00e2g\u00e9, 20\u00a0ans, \u00e9tait d\u00e9j\u00e0 connu des services de police pour des faits similaires, d&rsquo;apr\u00e8s le parquet de Paris.<\/p>\n<p>En tout d\u00e9but d&rsquo;ann\u00e9e 2026, un jeune majeur, n\u00e9 en 2007, avait \u00e9galement \u00e9t\u00e9 mis en examen pour son implication pr\u00e9sum\u00e9e dans le piratage massif de donn\u00e9es de la F\u00e9d\u00e9ration fran\u00e7aise de tir, utilis\u00e9es pour d\u00e9rober des armes en France.<\/p>\n<p>Cette cyberattaque avait ainsi \u00e9t\u00e9 suivie d&rsquo;agressions et de vols d&rsquo;armes \u00e0 feu par effraction ou par usage de fausse qualit\u00e9, comme celle de faux policier. Plusieurs adh\u00e9rents de la f\u00e9d\u00e9ration en avaient \u00e9t\u00e9 victimes en diff\u00e9rents points du pays.<\/p>\n<p>Enfin, en avril, un jeune hackeur pr\u00e9sum\u00e9, \u00e2g\u00e9 de 21\u00a0ans et cach\u00e9 derri\u00e8re l&rsquo;alias \u00ab\u00a0HexDex\u00a0\u00bb, avait \u00e9t\u00e9 mis en examen et \u00e9crou\u00e9. La section de lutte contre la cybercriminalit\u00e9 du parquet de Paris le relie \u00e0 une centaine de signalements concernant des piratages de sites Internet \u00e0 partir du 19 d\u00e9cembre 2025.<\/p>\n<p>Parmi ses cibles pr\u00e9sum\u00e9es se trouveraient une multitude de f\u00e9d\u00e9rations sportives fran\u00e7aises et des serveurs sensibles comme le Syst\u00e8me d&rsquo;information sur les armes, qui r\u00e9pertorie les particuliers d\u00e9tenteurs d&rsquo;armes.<\/p>\n<p>Avec AFP<\/p>\n","protected":false},"excerpt":{"rendered":"Pr\u00e8s de 700\u00a0000\u00a0usagers sont concern\u00e9s. La section cyber du parquet de Paris a ouvert une enqu\u00eate apr\u00e8s la&hellip;\n","protected":false},"author":2,"featured_media":1129470,"comment_status":"","ping_status":"","sticky":false,"template":"","format":"standard","meta":{"footnotes":"","_share_on_mastodon":"0"},"categories":[1888],"tags":[1111,1928,11,1927,2481,16968,1777,674,1011,27,342,12,1926,626,1925,16421,25],"class_list":["post-1129469","post","type-post","status-publish","format-standard","has-post-thumbnail","category-paris","tag-actu","tag-actu-paris","tag-actualites","tag-actualites-paris","tag-cyberattaque","tag-cybercriminalite","tag-eu","tag-europe","tag-fr","tag-france","tag-impots","tag-news","tag-news-paris","tag-paris","tag-paris-news","tag-piratage","tag-republique-francaise"],"share_on_mastodon":{"url":"https:\/\/pubeurope.com\/@fr\/117102426724927381","error":""},"_links":{"self":[{"href":"https:\/\/www.europesays.com\/fr\/wp-json\/wp\/v2\/posts\/1129469","targetHints":{"allow":["GET"]}}],"collection":[{"href":"https:\/\/www.europesays.com\/fr\/wp-json\/wp\/v2\/posts"}],"about":[{"href":"https:\/\/www.europesays.com\/fr\/wp-json\/wp\/v2\/types\/post"}],"author":[{"embeddable":true,"href":"https:\/\/www.europesays.com\/fr\/wp-json\/wp\/v2\/users\/2"}],"replies":[{"embeddable":true,"href":"https:\/\/www.europesays.com\/fr\/wp-json\/wp\/v2\/comments?post=1129469"}],"version-history":[{"count":0,"href":"https:\/\/www.europesays.com\/fr\/wp-json\/wp\/v2\/posts\/1129469\/revisions"}],"wp:featuredmedia":[{"embeddable":true,"href":"https:\/\/www.europesays.com\/fr\/wp-json\/wp\/v2\/media\/1129470"}],"wp:attachment":[{"href":"https:\/\/www.europesays.com\/fr\/wp-json\/wp\/v2\/media?parent=1129469"}],"wp:term":[{"taxonomy":"category","embeddable":true,"href":"https:\/\/www.europesays.com\/fr\/wp-json\/wp\/v2\/categories?post=1129469"},{"taxonomy":"post_tag","embeddable":true,"href":"https:\/\/www.europesays.com\/fr\/wp-json\/wp\/v2\/tags?post=1129469"}],"curies":[{"name":"wp","href":"https:\/\/api.w.org\/{rel}","templated":true}]}}