{"id":1129508,"date":"2026-08-16T01:12:26","date_gmt":"2026-08-16T01:12:26","guid":{"rendered":"https:\/\/www.europesays.com\/fr\/1129508\/"},"modified":"2026-08-16T01:12:26","modified_gmt":"2026-08-16T01:12:26","slug":"les-12-coups-de-midi-floris-decouvre-le-dernier-indice-de-letoile-mysterieuse-du-mois-daout","status":"publish","type":"post","link":"https:\/\/www.europesays.com\/fr\/1129508\/","title":{"rendered":"Les 12 coups de midi : Floris d\u00e9couvre le dernier indice de l\u2019\u00c9toile Myst\u00e9rieuse du mois d&rsquo;ao\u00fbt"},"content":{"rendered":"<p class=\"articleContent-meta\">\n        Hier \u00e0 12:40 &#8211; par             Aur\u00e9lie Hagopian<\/p>\n<p>                        <img decoding=\"async\" src=\"https:\/\/www.europesays.com\/fr\/wp-content\/uploads\/2026\/08\/1786842745_345_jean-luc-reichmann-lance-un-appel-pour-les-12-coups-de-midi.jpg\" alt=\"Player Video\" class=\"player-applyRatio poster exclude-seedtag\"\/><\/p>\n<p>Ce samedi 15 ao\u00fbt 2026 dans Les 12 coups de midi, Floris a d\u00e9couvert le tout dernier indice de l&rsquo;\u00c9toile myst\u00e9rieuse. Le Ma\u00eetre de midi a alors eu la possibilit\u00e9 de d\u00e9crocher une vitrine d&rsquo;une valeur de 27 486 euros.<\/p>\n<p>Depuis le 29 juin dernier, le nouveau Ma\u00eetre de midi est Floris. <a href=\"https:\/\/www.programme.tv\/news\/jeux-televises\/268657-les-12-coups-de-midi-floris-passe-un-cap-symbolique-dans-le-classement-des-meilleurs-maitres-de-midi\/\" rel=\"nofollow noopener\" target=\"_blank\">Apr\u00e8s avoir d\u00e9pass\u00e9 un cap symbolique dans l\u2019\u00e9mission<\/a>, le 25e Ma\u00eetre de midi au classement des participations a fait une grande annonce \u00e0 Jean-Luc Reichmann concernant sa vie professionnelle. Ce vendredi 14 ao\u00fbt, celui dont la cagnotte a atteint les 185 275 euros a r\u00e9v\u00e9l\u00e9 avoir demand\u00e9 une \u00ab\u00a0rupture conventionnelle\u00a0\u00bb \u00e0 son travail avant de pr\u00e9ciser\u00a0: \u00ab\u00a0Maintenant je suis totalement libre.\u00a0\u00bb Voyant le potentiel de Floris pour aller loin, l\u2019animateur s\u2019est empress\u00e9 de rebondir en disant\u00a0: \u00ab\u00a0Pour rester avec nous deux ans\u202f!\u00a0\u00bb De quoi faire r\u00e9agir le fr\u00e8re du champion qui a d\u00e9clar\u00e9 \u00e0 Jean-Luc Reichmann\u00a0: \u00ab\u00a0C\u2019est tout ce que je lui souhaite, j\u2019esp\u00e8re pour lui.\u00a0\u00bb<\/p>\n<p>Les 12 coups de midi\u00a0: voici les indices de l\u2019\u00c9toile Myst\u00e9rieuse du mois d&rsquo;ao\u00fbt, d\u00e9couverts par Floris<\/p>\n<p>Avec autant de victoires, <a href=\"https:\/\/www.programme.tv\/news\/jeux-televises\/268462-les-12-coups-de-midi-floris-decouvre-l-etoile-mysterieuse-et-empoche-44-980-euros-en-moins-d-un-mois\/\" rel=\"nofollow noopener\" target=\"_blank\">Floris a d\u00e9j\u00e0 d\u00e9couvert une premi\u00e8re \u00c9toile myst\u00e9rieuse qui \u00e9tait Louane<\/a> cach\u00e9e derri\u00e8re les indices\u00a0: un b\u00e9lier, une chambre d\u2019h\u00f4tel, un micro, une valise, une manette, un cerisier et un panneau de signalisation. Le champion est actuellement en course pour trouver sa deuxi\u00e8me \u00c9toile myst\u00e9rieuse dont la valeur est de 27 486 euros. Depuis plusieurs semaines, gr\u00e2ce \u00e0 ses victoires, <a href=\"https:\/\/www.programme.tv\/news\/jeux-televises\/268641-les-12-coups-de-midi-floris-decouvre-l-avant-dernier-indice-de-l-etoile-de-midi\/\" rel=\"nofollow noopener\" target=\"_blank\">il a pu d\u00e9couvrir de nombreux indices<\/a> qui sont un terrain de rugby, des casseroles, un sac de randonn\u00e9e rouge dans le style des candidats de P\u00e9kin Express, des gants de boxe, un chien, un gilet pare-balles et des chaussons de danse classique. Floris a d\u00e9j\u00e0 propos\u00e9 Quentin Tarantino, Charlize Theron, G\u00e9rard Lanvin, Jean Dujardin et Jamel Debbouze. Mais aucune de ses propositions n\u2019\u00e9tait bonne.<\/p>\n<p>                                Quel est le dernier indice de l\u2019\u00c9toile myst\u00e9rieuse d\u00e9couvert par Floris\u202f?<\/p>\n<p>Gr\u00e2ce \u00e0 sa nouvelle victoire dans l\u2019\u00e9mission du samedi 15 ao\u00fbt 2026, le c\u00e9libataire au grand c\u0153ur a pu d\u00e9voiler le tout dernier indice de cette \u00c9toile myst\u00e9rieuse. Et il s\u2019agit d\u2019un <b>car\u202f<\/b>! En d\u00e9couvrant ce nouvel indice, Floris n&rsquo;a malheureusement pas pu faire de proposition \u00e0 cause de la nouvelle r\u00e8gle en vigueur depuis maintenant deux ans. On retente demain, Floris ! Pour l&rsquo;heure, sa cagnotte s&rsquo;\u00e9l\u00e8ve \u00e0 <b>185 775 euros<\/b>. Il valide aujourd&rsquo;hui sa 48e participation.<\/p>\n<p>    <img decoding=\"async\" src=\"https:\/\/www.europesays.com\/fr\/wp-content\/uploads\/2026\/08\/1786842746_794_thumbnail.jpg\" alt=\"\"\/><\/p>\n<p>        \u00a9TF1 &#8211; Les 12 coups de midi <\/p>\n<p>Article \u00e9crit avec la collaboration de 6m\u00e9dias.<\/p>\n","protected":false},"excerpt":{"rendered":"Hier \u00e0 12:40 &#8211; par Aur\u00e9lie Hagopian Ce samedi 15 ao\u00fbt 2026 dans Les 12 coups de midi,&hellip;\n","protected":false},"author":2,"featured_media":1129509,"comment_status":"","ping_status":"","sticky":false,"template":"","format":"standard","meta":{"footnotes":"","_share_on_mastodon":"0"},"categories":[1356],"tags":[58,59,1011,27,465,466,27173,252,1364,27152,1630],"class_list":["post-1129508","post","type-post","status-publish","format-standard","has-post-thumbnail","category-television","tag-divertissement","tag-entertainment","tag-fr","tag-france","tag-jean-luc-reichmann","tag-les-12-coups-de-midi","tag-maitre-de-midi","tag-television","tag-tv","tag-u00e9toile-mystu00e9rieuse","tag-zapping"],"share_on_mastodon":{"url":"https:\/\/pubeurope.com\/@fr\/117102534922375823","error":""},"_links":{"self":[{"href":"https:\/\/www.europesays.com\/fr\/wp-json\/wp\/v2\/posts\/1129508","targetHints":{"allow":["GET"]}}],"collection":[{"href":"https:\/\/www.europesays.com\/fr\/wp-json\/wp\/v2\/posts"}],"about":[{"href":"https:\/\/www.europesays.com\/fr\/wp-json\/wp\/v2\/types\/post"}],"author":[{"embeddable":true,"href":"https:\/\/www.europesays.com\/fr\/wp-json\/wp\/v2\/users\/2"}],"replies":[{"embeddable":true,"href":"https:\/\/www.europesays.com\/fr\/wp-json\/wp\/v2\/comments?post=1129508"}],"version-history":[{"count":0,"href":"https:\/\/www.europesays.com\/fr\/wp-json\/wp\/v2\/posts\/1129508\/revisions"}],"wp:featuredmedia":[{"embeddable":true,"href":"https:\/\/www.europesays.com\/fr\/wp-json\/wp\/v2\/media\/1129509"}],"wp:attachment":[{"href":"https:\/\/www.europesays.com\/fr\/wp-json\/wp\/v2\/media?parent=1129508"}],"wp:term":[{"taxonomy":"category","embeddable":true,"href":"https:\/\/www.europesays.com\/fr\/wp-json\/wp\/v2\/categories?post=1129508"},{"taxonomy":"post_tag","embeddable":true,"href":"https:\/\/www.europesays.com\/fr\/wp-json\/wp\/v2\/tags?post=1129508"}],"curies":[{"name":"wp","href":"https:\/\/api.w.org\/{rel}","templated":true}]}}