{"id":112954,"date":"2025-05-19T23:35:09","date_gmt":"2025-05-19T23:35:09","guid":{"rendered":"https:\/\/www.europesays.com\/fr\/112954\/"},"modified":"2025-05-19T23:35:09","modified_gmt":"2025-05-19T23:35:09","slug":"un-tgv-inoui-avec-500-personnes-a-bord-bloque-a-tonneins-suite-aux-violents-orages-en-lot-et-garonne","status":"publish","type":"post","link":"https:\/\/www.europesays.com\/fr\/112954\/","title":{"rendered":"Un TGV inOui avec 500 personnes \u00e0 bord bloqu\u00e9 \u00e0 Tonneins suite aux violents orages en Lot-et-Garonne"},"content":{"rendered":"<p>            Par<br \/>\n        <strong><br \/>\n            <a href=\"https:\/\/actu.fr\/auteur\/jeremy-colin-actu-fr\" title=\"Consulter tous les articles de Jeremy Colin\" target=\"_blank\" rel=\"noopener\">Jeremy Colin<\/a><br \/>\n        <\/strong><\/p>\n<p>        Publi\u00e9 le<\/p>\n<p>            19 mai 2025 \u00e0 22h20<br \/>\n        ; mis \u00e0 jour le 20 mai 2025 \u00e0 1h23    <\/p>\n<p><b>Les orages qui se sont abattus<\/b> <a href=\"https:\/\/actu.fr\/nouvelle-aquitaine\/tonneins_47310\/les-orages-font-dimportants-degats-en-lot-et-garonne-la-ville-de-tonneins-principalement-touchee_62659160.html\" target=\"_blank\" rel=\"noopener\">ce lundi 19\u00a0mai 2025<\/a>, en d\u00e9but de soir\u00e9e \u00e0 Tonneins, <a href=\"https:\/\/actu.fr\/le-republicain-lot-et-garonne\/\" target=\"_blank\" rel=\"noopener\">en Lot-et-Garonne<\/a>, ont fait des victimes collat\u00e9rales.<\/p>\n<p class=\" wall-content\">Si <a href=\"https:\/\/actu.fr\/tag\/sncf\" target=\"_blank\" rel=\"noopener\">plusieurs trains<\/a> ont pu continuer \u00e0 circuler au d\u00e9but de l\u2019\u00e9v\u00e9nement m\u00e9t\u00e9orologique,<b> les voies ferr\u00e9es ont progressivement \u00e9t\u00e9 inond\u00e9es<\/b>, rendant impossible la progression des trains suivant.<\/p>\n<p>La circulation des trains interrompue entre Bordeaux et Agen<\/p>\n<p class=\" wall-content\">Un TGV Inoui circulant dans le sens Bordeaux-Toulouse s\u2019est ainsi retrouv\u00e9 <b>bloqu\u00e9 au milieu des voies <\/b>\u00e0 quelques centaines de m\u00e8tres de la gare de Tonneins.<\/p>\n<p class=\" wall-content\">Selon nos informations, les inondations ont provoqu\u00e9 <b>le creusement du ballast<\/b>, le lit de graviers sur lequel repose la voie, <b>qui s\u2019est effondr\u00e9 et a provoqu\u00e9 un trou<\/b> de pr\u00e8s de deux m\u00e8tres sous les rails. Au moment du passage du train, celui s\u2019est alors retrouv\u00e9 immobilis\u00e9 avec une partie d\u00e9raill\u00e9e.<\/p>\n<p class=\" wall-content\">Pr\u00e8s de <b>508\u00a0personnes se retrouvent au total bloqu\u00e9s \u00e0 l\u2019int\u00e9rieur du TGV <\/b>depuis 20 h et vont devoir faire l\u2019objet d\u2019une \u00e9vacuation, le train ne pouvant pas repartir.<\/p>\n<p>Vid\u00e9os : en ce moment sur Actu<\/p>\n<p class=\" wall-content\">Quatre bus de Val de Garonne Agglom\u00e9ration ont \u00e9t\u00e9 r\u00e9quisitionn\u00e9s <b>afin d\u2019\u00e9vacuer les voyageurs vers la Manoque de Tonneins <\/b>avant leur prise en charge par la SNCF.<\/p>\n<p>    <img   decoding=\"async\" loading=\"lazy\" class=\"size-large\" src=\"https:\/\/www.europesays.com\/fr\/wp-content\/uploads\/2025\/05\/22bc56369b28656bc56369b284abc5v-960x640.jpeg\" alt=\"La voie ferr\u00e9e s'est affaiss\u00e9e sur plusieurs centim\u00e8tres \u00e0 cause du poids de l'eau, suite aux violents orages survenus ce lundi 19 mai 2025 \u00e0 Tonneins (Lot-et-Garonne).\" width=\"960\" height=\"640\"\/><br \/>\n    Le ballast de la voie ferr\u00e9e a disparu et s\u2019est effondr\u00e9 \u00e0 cause des inondations provoquant un trou de pr\u00e8s de deux m\u00e8tres sous les rails, suite aux violents orages survenus ce lundi 19 mai 2025 \u00e0 Tonneins (Lot-et-Garonne). \u00a9Le R\u00e9publicain 47 \/ Tomy Rigouleau<\/p>\n<p class=\" wall-content\">Le trafic des trains est <b>totalement interrompu depuis 21\u2009h.<\/b> \u00ab\u00a0La circulation restera interrompue entre Bordeaux et Agen jusqu\u2019en fin de journ\u00e9e\u00a0\u00bb, ajoute la SNCF sans pr\u00e9ciser l\u2019heure de la reprise de la circulation, ce mardi 20 mai 2025.<\/p>\n<p class=\" wall-content\"><b>D\u2019importants travaux vont \u00eatre n\u00e9cessaires<\/b> pour r\u00e9tablir le trafic. \u00ab\u00a0Nos \u00e9quipes sont mobilis\u00e9es pour assurer les r\u00e9parations n\u00e9cessaires\u00a0\u00bb, assure la SNCF.<\/p>\n<p>    <a href=\"https:\/\/www.facebook.com\/plugins\/post.php?href=https%3A%2F%2Fwww.facebook.com%2Fvilledetonneins%2Fposts%2Fpfbid021uDkoafzT4EZL2gGPpRmzqkEsbfv62aEKXN7jFG3gXCrMd2LkiFnEsFUMoFccSeLl&amp;show_text=true&amp;width=350\" title=\"Ouvrie le lien\" target=\"_blank\" rel=\"noopener\">Cliquez ici pour visualiser le contenu<\/a><\/p>\n<p class=\" wall-content\"><b>Un centre op\u00e9rationnel d\u00e9partemental a \u00e9t\u00e9 activ\u00e9 par le pr\u00e9fet de Lot-et-Garonne<\/b> pour assurer la conduite et la coordination des op\u00e9rations de secours.<\/p>\n<p class=\" wall-content\">Avec Tomy Rigouleau<\/p>\n<p class=\" wall-content\">Suivez toute l\u2019actualit\u00e9 de vos villes et m\u00e9dias favoris en vous inscrivant \u00e0 <a href=\"https:\/\/moncompte.actu.fr\" title=\"D\u00e9couvez Mon Actu\" rel=\"nofollow noopener\" data-trk=\"{&quot;cta&quot;:{&quot;action&quot;:&quot;https:\\\/\\\/moncompte.actu.fr&quot;,&quot;category&quot;:&quot;mon compte&quot;,&quot;from&quot;:&quot;article footer&quot;,&quot;name&quot;:&quot;Mon actu&quot;,&quot;type&quot;:&quot;cta&quot;}}\" target=\"_blank\">Mon Actu<\/a>.<\/p>\n","protected":false},"excerpt":{"rendered":"Par Jeremy Colin Publi\u00e9 le 19 mai 2025 \u00e0 22h20 ; mis \u00e0 jour le 20 mai 2025&hellip;\n","protected":false},"author":2,"featured_media":112955,"comment_status":"","ping_status":"","sticky":false,"template":"","format":"standard","meta":{"footnotes":""},"categories":[4],"tags":[11,118,1011,27,12,4594,25,2215],"class_list":{"0":"post-112954","1":"post","2":"type-post","3":"status-publish","4":"format-standard","5":"has-post-thumbnail","7":"category-france","8":"tag-actualites","9":"tag-faits-divers","10":"tag-fr","11":"tag-france","12":"tag-news","13":"tag-orages","14":"tag-republique-francaise","15":"tag-sncf"},"share_on_mastodon":{"url":"https:\/\/pubeurope.com\/@fr\/114537124555694376","error":""},"_links":{"self":[{"href":"https:\/\/www.europesays.com\/fr\/wp-json\/wp\/v2\/posts\/112954","targetHints":{"allow":["GET"]}}],"collection":[{"href":"https:\/\/www.europesays.com\/fr\/wp-json\/wp\/v2\/posts"}],"about":[{"href":"https:\/\/www.europesays.com\/fr\/wp-json\/wp\/v2\/types\/post"}],"author":[{"embeddable":true,"href":"https:\/\/www.europesays.com\/fr\/wp-json\/wp\/v2\/users\/2"}],"replies":[{"embeddable":true,"href":"https:\/\/www.europesays.com\/fr\/wp-json\/wp\/v2\/comments?post=112954"}],"version-history":[{"count":0,"href":"https:\/\/www.europesays.com\/fr\/wp-json\/wp\/v2\/posts\/112954\/revisions"}],"wp:featuredmedia":[{"embeddable":true,"href":"https:\/\/www.europesays.com\/fr\/wp-json\/wp\/v2\/media\/112955"}],"wp:attachment":[{"href":"https:\/\/www.europesays.com\/fr\/wp-json\/wp\/v2\/media?parent=112954"}],"wp:term":[{"taxonomy":"category","embeddable":true,"href":"https:\/\/www.europesays.com\/fr\/wp-json\/wp\/v2\/categories?post=112954"},{"taxonomy":"post_tag","embeddable":true,"href":"https:\/\/www.europesays.com\/fr\/wp-json\/wp\/v2\/tags?post=112954"}],"curies":[{"name":"wp","href":"https:\/\/api.w.org\/{rel}","templated":true}]}}