{"id":112958,"date":"2025-05-19T23:37:09","date_gmt":"2025-05-19T23:37:09","guid":{"rendered":"https:\/\/www.europesays.com\/fr\/112958\/"},"modified":"2025-05-19T23:37:09","modified_gmt":"2025-05-19T23:37:09","slug":"saint-etienne-loire-journaliste-de-la-matinale-radio-depuis-plus-de-30-ans-je-suis-un-dinosaure-2","status":"publish","type":"post","link":"https:\/\/www.europesays.com\/fr\/112958\/","title":{"rendered":"Saint-\u00c9tienne. Loire. Journaliste de la matinale radio depuis plus de 30 ans\u00a0: \u00ab\u00a0Je suis un dinosaure\u00a0!\u00a0\u00bb"},"content":{"rendered":"<p>Depuis plus de 30 ans, dont 20 \u00e0 RCF Saint-\u00c9tienne, 5 jours sur 7, Philippe Louat se l\u00e8ve t\u00f4t, tr\u00e8s t\u00f4t\u00a0! Le r\u00e9veil sonne \u00e0 4\u00a0h\u00a030. Arriv\u00e9e \u00e0 5\u00a0h\u00a030 dans les locaux de la radio chr\u00e9tienne, rue Berthelot\u00a0: \u00ab\u00a0Je checke les mails, j\u2019\u00e9coute les confr\u00e8res, je lis la presse locale\u2026 Je suis seul, on fonctionne en autotechnique depuis 2018. Je pr\u00e9pare le journal de 7 heures avec des sujets cal\u00e9s la veille avec les deux journalistes de l\u2019\u00e9quipe, Marion et Cl\u00e9ment, et les&#8230;<\/p>\n","protected":false},"excerpt":{"rendered":"Depuis plus de 30 ans, dont 20 \u00e0 RCF Saint-\u00c9tienne, 5 jours sur 7, Philippe Louat se l\u00e8ve&hellip;\n","protected":false},"author":2,"featured_media":112331,"comment_status":"","ping_status":"","sticky":false,"template":"","format":"standard","meta":{"footnotes":""},"categories":[9653],"tags":[1111,11,2430,4406,33,1777,674,107,1011,27,12,25,4001,216],"class_list":{"0":"post-112958","1":"post","2":"type-post","3":"status-publish","4":"format-standard","5":"has-post-thumbnail","7":"category-saint-etienne","8":"tag-actu","9":"tag-actualites","10":"tag-auvergne-rhone-alpes","11":"tag-commerce-et-services","12":"tag-economie","13":"tag-eu","14":"tag-europe","15":"tag-fil-info","16":"tag-fr","17":"tag-france","18":"tag-news","19":"tag-republique-francaise","20":"tag-saint-etienne","21":"tag-vie-des-entreprises"},"share_on_mastodon":{"url":"https:\/\/pubeurope.com\/@fr\/114537132436538757","error":""},"_links":{"self":[{"href":"https:\/\/www.europesays.com\/fr\/wp-json\/wp\/v2\/posts\/112958","targetHints":{"allow":["GET"]}}],"collection":[{"href":"https:\/\/www.europesays.com\/fr\/wp-json\/wp\/v2\/posts"}],"about":[{"href":"https:\/\/www.europesays.com\/fr\/wp-json\/wp\/v2\/types\/post"}],"author":[{"embeddable":true,"href":"https:\/\/www.europesays.com\/fr\/wp-json\/wp\/v2\/users\/2"}],"replies":[{"embeddable":true,"href":"https:\/\/www.europesays.com\/fr\/wp-json\/wp\/v2\/comments?post=112958"}],"version-history":[{"count":0,"href":"https:\/\/www.europesays.com\/fr\/wp-json\/wp\/v2\/posts\/112958\/revisions"}],"wp:featuredmedia":[{"embeddable":true,"href":"https:\/\/www.europesays.com\/fr\/wp-json\/wp\/v2\/media\/112331"}],"wp:attachment":[{"href":"https:\/\/www.europesays.com\/fr\/wp-json\/wp\/v2\/media?parent=112958"}],"wp:term":[{"taxonomy":"category","embeddable":true,"href":"https:\/\/www.europesays.com\/fr\/wp-json\/wp\/v2\/categories?post=112958"},{"taxonomy":"post_tag","embeddable":true,"href":"https:\/\/www.europesays.com\/fr\/wp-json\/wp\/v2\/tags?post=112958"}],"curies":[{"name":"wp","href":"https:\/\/api.w.org\/{rel}","templated":true}]}}