{"id":112959,"date":"2025-05-19T23:38:15","date_gmt":"2025-05-19T23:38:15","guid":{"rendered":"https:\/\/www.europesays.com\/fr\/112959\/"},"modified":"2025-05-19T23:38:15","modified_gmt":"2025-05-19T23:38:15","slug":"les-before-de-couriot-font-leur-grand-retour-a-saint-etienne","status":"publish","type":"post","link":"https:\/\/www.europesays.com\/fr\/112959\/","title":{"rendered":"LES BEFORE DE COURIOT FONT LEUR GRAND RETOUR \u00c0 SAINT-\u00c9TIENNE"},"content":{"rendered":"<p>                <a href=\"https:\/\/42info.fr\/gagnez-vos-airpods-pro\/\" target=\"_blank\" aria-label=\"Gagnez Airpod\" rel=\"nofollow noopener\"><img loading=\"lazy\" decoding=\"async\" src=\"https:\/\/www.europesays.com\/fr\/wp-content\/uploads\/2025\/05\/Gagnez-Airpod-scaled.jpg\" alt=\"\"   width=\"2560\" height=\"960\"\/><\/a><\/p>\n<p>Cette manifestation culturelle embl\u00e9matique de la Loire reprend ses quartiers dans le parc Joseph Sanguedolce, offrant aux habitants et visiteurs une programmation estivale riche et vari\u00e9e.<\/p>\n<p>Une programmation g\u00e9n\u00e9reuse malgr\u00e9 les contraintes<\/p>\n<p>En d\u00e9pit des travaux en cours, l\u2019\u00e9v\u00e9nement maintient son calendrier habituel et s\u2019\u00e9tendra sur pr\u00e8s de trois mois, du 18 juin au 5 septembre. Cette \u00e9dition promet d\u2019\u00eatre aussi dynamique que les pr\u00e9c\u00e9dentes avec une cinquantaine d\u2019activit\u00e9s enti\u00e8rement gratuites pour le public.<\/p>\n<p>L\u2019initiative, port\u00e9e par la municipalit\u00e9 st\u00e9phanoise en collaboration avec l\u2019association Cinq Cempotes, illustre la volont\u00e9 des organisateurs de maintenir une offre culturelle accessible durant la p\u00e9riode estivale.<\/p>\n<p>Un d\u00e9marrage en fanfare avec les \u00ab\u00a0Pre Before\u00a0\u00bb<\/p>\n<p>L\u2019ouverture officielle sera marqu\u00e9e par les traditionnels \u00ab\u00a0Pre Before\u00a0\u00bb, qui se d\u00e9rouleront sur quatre jours cons\u00e9cutifs, du 18 au 21 juin. Cette phase inaugurale mettra \u00e0 l\u2019honneur deux \u00e9v\u00e9nements phares : les Sons de la mine et la Rel\u00e8ve, cette derni\u00e8re constituant une vitrine privil\u00e9gi\u00e9e pour les talents \u00e9mergents de la sc\u00e8ne rap et \u00e9lectronique locale.<\/p>\n<p>Une guinguette au c\u0153ur de l\u2019animation<\/p>\n<p>Le point n\u00e9vralgique de l\u2019\u00e9v\u00e9nement sera constitu\u00e9 par la guinguette, qui accueillera le public cinq jours sur sept, du mercredi au dimanche. Ouverte de 16 heures \u00e0 minuit, elle proposera une restauration ax\u00e9e sur les produits du terroir local, cr\u00e9ant ainsi un lien authentique avec l\u2019identit\u00e9 r\u00e9gionale. La programmation se veut \u00e9clectique pour satisfaire tous les publics. Parmi les temps forts annonc\u00e9s figurent une projection nocturne du film \u00ab\u00a0Retour vers le futur 2\u00a0\u00bb, un karaok\u00e9 sp\u00e9cialement con\u00e7u en hommage au l\u00e9gendaire groupe Queen, ainsi qu\u2019un tournoi de corn hole, ce jeu am\u00e9ricain qui gagne en popularit\u00e9.<\/p>\n<p>Un rendez-vous incontournable de l\u2019\u00e9t\u00e9 st\u00e9phanois<\/p>\n<p>Les Before de Couriot s\u2019imposent une nouvelle fois comme l\u2019un des \u00e9v\u00e9nements culturels majeurs de la saison estivale dans la r\u00e9gion st\u00e9phanoise. En conjuguant gratuit\u00e9, diversit\u00e9 artistique et convivialit\u00e9, cette manifestation contribue \u00e0 faire du parc Joseph Sanguedolce un lieu de rassemblement et de partage pour toutes les g\u00e9n\u00e9rations. A suivre <a href=\"https:\/\/www.instagram.com\/la_guinguette_ste\/\" target=\"_blank\" rel=\"noreferrer noopener nofollow\">ICI<\/a>.<\/p>\n<p>                            <script async src=\"\/\/www.instagram.com\/embed.js\"><\/script><\/p>\n","protected":false},"excerpt":{"rendered":"Cette manifestation culturelle embl\u00e9matique de la Loire reprend ses quartiers dans le parc Joseph Sanguedolce, offrant aux habitants&hellip;\n","protected":false},"author":2,"featured_media":112960,"comment_status":"","ping_status":"","sticky":false,"template":"","format":"standard","meta":{"footnotes":""},"categories":[9653],"tags":[1111,11,2430,23263,1777,674,1011,27,3367,12,25,4001],"class_list":{"0":"post-112959","1":"post","2":"type-post","3":"status-publish","4":"format-standard","5":"has-post-thumbnail","7":"category-saint-etienne","8":"tag-actu","9":"tag-actualites","10":"tag-auvergne-rhone-alpes","11":"tag-before-couriot","12":"tag-eu","13":"tag-europe","14":"tag-fr","15":"tag-france","16":"tag-loire","17":"tag-news","18":"tag-republique-francaise","19":"tag-saint-etienne"},"share_on_mastodon":{"url":"https:\/\/pubeurope.com\/@fr\/114537136388816445","error":""},"_links":{"self":[{"href":"https:\/\/www.europesays.com\/fr\/wp-json\/wp\/v2\/posts\/112959","targetHints":{"allow":["GET"]}}],"collection":[{"href":"https:\/\/www.europesays.com\/fr\/wp-json\/wp\/v2\/posts"}],"about":[{"href":"https:\/\/www.europesays.com\/fr\/wp-json\/wp\/v2\/types\/post"}],"author":[{"embeddable":true,"href":"https:\/\/www.europesays.com\/fr\/wp-json\/wp\/v2\/users\/2"}],"replies":[{"embeddable":true,"href":"https:\/\/www.europesays.com\/fr\/wp-json\/wp\/v2\/comments?post=112959"}],"version-history":[{"count":0,"href":"https:\/\/www.europesays.com\/fr\/wp-json\/wp\/v2\/posts\/112959\/revisions"}],"wp:featuredmedia":[{"embeddable":true,"href":"https:\/\/www.europesays.com\/fr\/wp-json\/wp\/v2\/media\/112960"}],"wp:attachment":[{"href":"https:\/\/www.europesays.com\/fr\/wp-json\/wp\/v2\/media?parent=112959"}],"wp:term":[{"taxonomy":"category","embeddable":true,"href":"https:\/\/www.europesays.com\/fr\/wp-json\/wp\/v2\/categories?post=112959"},{"taxonomy":"post_tag","embeddable":true,"href":"https:\/\/www.europesays.com\/fr\/wp-json\/wp\/v2\/tags?post=112959"}],"curies":[{"name":"wp","href":"https:\/\/api.w.org\/{rel}","templated":true}]}}