{"id":112961,"date":"2025-05-19T23:39:24","date_gmt":"2025-05-19T23:39:24","guid":{"rendered":"https:\/\/www.europesays.com\/fr\/112961\/"},"modified":"2025-05-19T23:39:24","modified_gmt":"2025-05-19T23:39:24","slug":"terra-loreina-le-nouveau-spectacle-du-vosgien-damien-fontaine-embrasera-le-chateau-de-fleville-du-25-juin-au-20-juillet","status":"publish","type":"post","link":"https:\/\/www.europesays.com\/fr\/112961\/","title":{"rendered":"Terra Loreina, le nouveau spectacle du Vosgien Damien Fontaine, embrasera le ch\u00e2teau de Fl\u00e9ville du 25 juin au 20 juillet"},"content":{"rendered":"<p>Le 19 mai 2025 par Francoise Fontanelle<\/p>\n<p><img width=\"500\" height=\"222\" src=\"https:\/\/www.europesays.com\/fr\/wp-content\/uploads\/2025\/05\/chateau-fleville-500x222.jpeg\" class=\"attachment-x500 size-x500 wp-post-image\" alt=\"\" decoding=\"async\" fetchpriority=\"high\"  \/>\t\t\t\t\t\t\t\t<\/p>\n<p>\u00a9 Ch\u00e2teau de Fleville<\/p>\n<p>Apr\u00e8s les succ\u00e8s de\u00a0L\u2019Odyss\u00e9e Nikolaos\u00a0\u00e0 Saint-Nicolas-de-Port fin 2024, puis de\u00a0Terra Mossella\u00a0\u00e0 Montigny-l\u00e8s-Metz en d\u00e9but d\u2019ann\u00e9e, l\u2019association V.L.J. vous propose d\u2019illuminer ce d\u00e9but d\u2019\u00e9t\u00e9 dans un d\u00e9cor extraordinaire : celui du ch\u00e2teau de Fl\u00e9ville. Un ch\u00e2teau renaissance que Damien Fontaine transformera en th\u00e9\u00e2tre vivant \u00e0 ciel ouvert.<\/p>\n<p class=\"has-drop-cap\">C\u2019est un spectacle immersif total que <strong><a href=\"https:\/\/www.centpourcent-vosges.fr\/culture-vosges\/spectacle-vosges\/nikolaos-le-vosgien-damien-fontaine-est-un-enlumineur-dhistoires\/\" rel=\"nofollow noopener\" target=\"_blank\">Damien Fontaine<\/a><\/strong> s\u2019appr\u00eate \u00e0 d\u00e9rouler sur une sc\u00e8ne d\u2019un hectare : jeux de lumi\u00e8re, projections monumentales, figures \u00e9questres et pyrotechniques, musiques originales et textes poignants port\u00e9s par la puissance sc\u00e9nique de 50 com\u00e9diens professionnels et 250 figurants. U<strong>n dispositif exceptionnel pour raconter l\u2019histoire de la Lorraine entre 1870 et 1945<\/strong>. Une Lorraine plong\u00e9e dans la tourmente, h\u00e9ro\u00efne des guerres pass\u00e9es et des r\u00e9sistances oubli\u00e9es, h\u00e9riti\u00e8re des Ducs de Lorraine, dont\u00a0Terra Loreina\u00a0fait battre le c\u0153ur.<\/p>\n<p>Un myst\u00e9rieux personnage de cire reprend vie lorsque deux enfants du XXIe\u00a0si\u00e8cle, Claire et Simon, le d\u00e9couvrent dans le ch\u00e2teau de Fl\u00e9ville au d\u00e9tour d\u2019une porte d\u00e9rob\u00e9e\u2026 La sc\u00e8ne bascule en 1871. Il va nous raconter l\u2019histoire parall\u00e8le de deux enfants (\u00e9galement pr\u00e9nomm\u00e9s Claire et Simon). Autrefois compagnons de jeux, leurs destins sont d\u00e9sormais s\u00e9par\u00e9s par la Seille, la rivi\u00e8re qui marque depuis peu la fronti\u00e8re entre la France et l\u2019Allemagne. Les ann\u00e9es passent\u2026 \u00c0 l\u2019est de la fronti\u00e8re, Claire, devenue institutrice, soigne les soldats bless\u00e9s de la Grande Guerre. L\u2019armistice est proclam\u00e9, on retrouve Simon au c\u0153ur de l\u2019effervescence cr\u00e9atrice de l\u2019Art Nouveau et de l\u2019essor industriel qui r\u00e8gne \u00e0 Nancy au d\u00e9but des ann\u00e9es 1920. Des ann\u00e9es b\u00e9nies, jusqu\u2019\u00e0 l\u2019invasion allemande de 1940.<\/p>\n<p><img loading=\"lazy\" decoding=\"async\" width=\"2560\" height=\"1920\" src=\"https:\/\/www.europesays.com\/fr\/wp-content\/uploads\/2025\/05\/simul-chateau-fleville-02-1-1-scaled.jpg\" alt=\"\" class=\"wp-image-166616\"  \/>\u00a9SIMUL_Chateau_Fleville_<\/p>\n<p><strong>Une fresque relatant 75 ans d\u2019histoire, pour laquelle plus de 400 costumes et accessoires<\/strong> (fruits de recherches historiques et d\u2019un travail minutieux) et 200 projecteurs ont \u00e9t\u00e9 n\u00e9cessaires pour transformer le ch\u00e2teau de Fl\u00e9ville en un v\u00e9ritable vaisseau d\u2019images et porter l\u2019\u00e9motion des acteurs dans une esth\u00e9tique th\u00e9\u00e2trale immersive.<\/p>\n<p><strong>Une d\u00e9mesure famili\u00e8re \u00e0 Damien Fontaine, grand sp\u00e9cialiste du spectacle immersif depuis 15 ans<\/strong>, qui s\u2019attache \u00e0 faire revivre l\u2019identit\u00e9 et le patrimoine de Lorraine. Un savant dialogue fait de m\u00e9moire, d\u2019\u00e9motions et d\u2019innovation, men\u00e9 de concert avec <strong>l\u2019association Voix &amp; Lumi\u00e8re de Jehanne.<\/strong><\/p>\n<p><strong>Terra Loreina<\/strong><\/p>\n<p>Du 25 juin au 20 juillet, du mercredi au dimanche<br \/>1 s\u00e9ance par soir \u00e0 la tomb\u00e9e de la nuit<br \/>5 rue du Ch\u00e2teau \u00e0 Fl\u00e9ville-devant-Nancy<br \/>Tarifs : de 18 \u00e0 45 \u20ac, Pack famille, tarifs r\u00e9duits pour \u00e9tudiants, ch\u00f4meurs, etc<br \/><strong><a href=\"http:\/\/www.terra-loreina.fr\" rel=\"nofollow noopener\" target=\"_blank\">www.terra-loreina.fr<\/a><\/strong><\/p>\n<p class=\"has-vivid-red-color has-text-color has-link-color wp-elements-1127f72761d0f63fb3714cb6914af3d8\"><strong>Vous souhaitez \u00eatre b\u00e9n\u00e9vole ou figurant ?<br \/>Inscrivez-vous avant le 25 mai sur\u00a0<a href=\"http:\/\/www.terra-loreina.fr\" rel=\"nofollow noopener\" target=\"_blank\">www.terra-loreina.fr<\/a> et entrez dans l\u2019Histoire.<\/strong><\/p>\n<p class=\"has-vivid-red-color has-text-color has-link-color wp-elements-c7557c9f32b5e180a686f63e2e4362cc\"><strong>Un article r\u00e9alis\u00e9 en partenariat avec le Magazine Tandem,\u00a0<a href=\"https:\/\/www.calameo.com\/read\/006325063fd9a201153ac\" rel=\"nofollow noopener\" target=\"_blank\">\u00e0 consulter\u00a0ICI.<\/a><\/strong><\/p>\n<p><img loading=\"lazy\" decoding=\"async\" width=\"1000\" height=\"1304\" src=\"https:\/\/www.europesays.com\/fr\/wp-content\/uploads\/2025\/05\/unetdm20.jpg\" alt=\"\" class=\"wp-image-166264\" style=\"width:190px;height:auto\"  \/><\/p>\n","protected":false},"excerpt":{"rendered":"Le 19 mai 2025 par Francoise Fontanelle \u00a9 Ch\u00e2teau de Fleville Apr\u00e8s les succ\u00e8s de\u00a0L\u2019Odyss\u00e9e Nikolaos\u00a0\u00e0 Saint-Nicolas-de-Port fin&hellip;\n","protected":false},"author":2,"featured_media":112962,"comment_status":"","ping_status":"","sticky":false,"template":"","format":"standard","meta":{"footnotes":""},"categories":[9635],"tags":[1111,11,23265,1777,674,1011,27,775,1702,12,23264,25,3140],"class_list":{"0":"post-112961","1":"post","2":"type-post","3":"status-publish","4":"format-standard","5":"has-post-thumbnail","7":"category-nancy","8":"tag-actu","9":"tag-actualites","10":"tag-damien-fontaine","11":"tag-eu","12":"tag-europe","13":"tag-fr","14":"tag-france","15":"tag-grand-est","16":"tag-nancy","17":"tag-news","18":"tag-nikolaos","19":"tag-republique-francaise","20":"tag-spectacle"},"share_on_mastodon":{"url":"https:\/\/pubeurope.com\/@fr\/114537140856622590","error":""},"_links":{"self":[{"href":"https:\/\/www.europesays.com\/fr\/wp-json\/wp\/v2\/posts\/112961","targetHints":{"allow":["GET"]}}],"collection":[{"href":"https:\/\/www.europesays.com\/fr\/wp-json\/wp\/v2\/posts"}],"about":[{"href":"https:\/\/www.europesays.com\/fr\/wp-json\/wp\/v2\/types\/post"}],"author":[{"embeddable":true,"href":"https:\/\/www.europesays.com\/fr\/wp-json\/wp\/v2\/users\/2"}],"replies":[{"embeddable":true,"href":"https:\/\/www.europesays.com\/fr\/wp-json\/wp\/v2\/comments?post=112961"}],"version-history":[{"count":0,"href":"https:\/\/www.europesays.com\/fr\/wp-json\/wp\/v2\/posts\/112961\/revisions"}],"wp:featuredmedia":[{"embeddable":true,"href":"https:\/\/www.europesays.com\/fr\/wp-json\/wp\/v2\/media\/112962"}],"wp:attachment":[{"href":"https:\/\/www.europesays.com\/fr\/wp-json\/wp\/v2\/media?parent=112961"}],"wp:term":[{"taxonomy":"category","embeddable":true,"href":"https:\/\/www.europesays.com\/fr\/wp-json\/wp\/v2\/categories?post=112961"},{"taxonomy":"post_tag","embeddable":true,"href":"https:\/\/www.europesays.com\/fr\/wp-json\/wp\/v2\/tags?post=112961"}],"curies":[{"name":"wp","href":"https:\/\/api.w.org\/{rel}","templated":true}]}}