{"id":112972,"date":"2025-05-19T23:47:10","date_gmt":"2025-05-19T23:47:10","guid":{"rendered":"https:\/\/www.europesays.com\/fr\/112972\/"},"modified":"2025-05-19T23:47:10","modified_gmt":"2025-05-19T23:47:10","slug":"grenoble-coup-de-force-des-habitants-en-colere-en-plein-conseil-municipal-la-scene-filmee","status":"publish","type":"post","link":"https:\/\/www.europesays.com\/fr\/112972\/","title":{"rendered":"Grenoble. Coup de force des habitants en col\u00e8re en plein conseil municipal, la sc\u00e8ne film\u00e9e"},"content":{"rendered":"<p>            Par<br \/>\n        <strong><br \/>\n            <a href=\"https:\/\/actu.fr\/auteur\/lisa-rodrigues\" title=\"Consulter tous les articles de Lisa Rodrigues\" rel=\"nofollow noopener\" target=\"_blank\">Lisa Rodrigues<\/a><br \/>\n        <\/strong><\/p>\n<p>        Publi\u00e9 le<\/p>\n<p>            19 mai 2025 \u00e0 18h07        <\/p>\n<p>Un conseil municipal pour le moins anim\u00e9 \u00e0 <a href=\"https:\/\/actu.fr\/auvergne-rhone-alpes\/grenoble_38185\" rel=\"nofollow noopener\" target=\"_blank\">Grenoble<\/a>, lundi 19 mai. Une centaine de personnes a tent\u00e9 d\u2019entrer de force avant le d\u00e9but de la s\u00e9ance. Ils ont forc\u00e9 les barri\u00e8res en mairie et deux policiers municipaux ont \u00e9t\u00e9 l\u00e9g\u00e8rement bless\u00e9s. <strong>La sc\u00e8ne a \u00e9t\u00e9 film\u00e9e et fait le tour des r\u00e9seaux sociaux.<\/strong><\/p>\n<p class=\" wall-content\">D\u00e8s 9 heures, les collectifs d\u2019habitants et <a href=\"https:\/\/actu.fr\/auvergne-rhone-alpes\/grenoble_38185\/grenoble-desertee-le-torchon-brule-entre-la-mairie-d-eric-piolle-et-des-commercants_62331599.html\" rel=\"nofollow noopener\" target=\"_blank\">de commer\u00e7ants<\/a>, ainsi que plusieurs unions de quartier se sont donn\u00e9s rendez-vous devant le parvis de la mairie pour un \u00ab\u00a0rassemblement citoyen\u00a0\u00bb r\u00e9clamant davantage de concertation sur les projets men\u00e9s par la mairie.<\/p>\n<p>    <a href=\"https:\/\/www.facebook.com\/plugins\/post.php?href=https%3A%2F%2Fwww.facebook.com%2FAutomobileClubDauphinois38%2Fposts%2Fpfbid04ii4txmfpBxXhyDtp82tYLqU3izYuCqPXJWQhCWVK3Arq92X77Ui5qWgcNkcZqnxl&amp;show_text=true&amp;width=350\" title=\"Ouvrie le lien\" rel=\"nofollow noopener\" target=\"_blank\">Cliquez ici pour visualiser le contenu<\/a><\/p>\n<p class=\" wall-content\">Une action en continuit\u00e9 de celle d\u00e9clench\u00e9e mardi 13 mai, quand les collectifs ont bloqu\u00e9 le tramway pendant une demi-heure.<\/p>\n<p>Ils tentent d\u2019entrer dans la salle du conseil<\/p>\n<p class=\" wall-content\">Une centaine de personnes \u00e9taient bien l\u00e0 \u00e0 l\u2019ouverture de la s\u00e9ance du conseil municipal, banderoles d\u00e9ploy\u00e9es, sous l\u2019\u0153il de la police municipale. Assez rapidement, toutefois, une partie du groupe a r\u00e9ussi \u00e0 <strong>entrer dans la mairie<\/strong>, passant outre la s\u00e9curit\u00e9.<\/p>\n<p class=\" wall-content\">\n<p class=\" wall-content\">La petite foule \u2013 environ 150 personnes selon les forces de l\u2019ordre \u2013 a p\u00e9n\u00e9tr\u00e9 dans le hall de la mairie, <strong>toquant bruyamment<\/strong> \u00e0 la porte de la salle du conseil, sans parvenir \u00e0 entrer. Chacun est ensuite ressorti au bout de quelques minutes, sans heurts particuliers.<\/p>\n<p>La mairie porte plainte<\/p>\n<p class=\" wall-content\">Dans un communiqu\u00e9, la mairie confirme les mesures de s\u00e9curit\u00e9 mises en place, avec un filtrage \u00ab\u00a0n\u00e9cessaire au regard des <a href=\"https:\/\/actu.fr\/auvergne-rhone-alpes\/grenoble_38185\/grenoble-en-colere-contre-les-projets-de-la-mairie-des-habitants-bloquent-le-tram_62631156.html\" rel=\"nofollow noopener\" target=\"_blank\">pr\u00e9c\u00e9dents agissements et menaces<\/a> du \u00ab collectif \u00bb formul\u00e9es par voie de presse r\u00e9cemment\u00a0\u00bb.<\/p>\n<p class=\" wall-content\">\u00ab\u00a0Plusieurs individus ont brutalement forc\u00e9 les barri\u00e8res et bouscul\u00e9 les policier-es municipaux dont <strong>deux ont \u00e9t\u00e9 l\u00e9g\u00e8rement bless\u00e9s<\/strong>\u00ab\u00a0, indiquent les services de la mairie. Les frappes aux portes ont entra\u00een\u00e9 un retard du conseil municipal, ainsi que des d\u00e9g\u00e2ts mat\u00e9riels, un \u00ab\u00a0morceau de faux plafond s\u2019\u00e9tant d\u00e9croch\u00e9 \u00e0 cause des impacts r\u00e9p\u00e9t\u00e9s\u00a0\u00bb.<\/p>\n<p class=\" wall-content\">Selon la mairie, \u00ab\u00a0une trentaine\u00a0\u00bb de manifestants a ensuite, \u00e0 travers les baies vitr\u00e9es de la salle du conseil, \u00ab\u00a0perturb\u00e9 le conseil par des chants, des sifflets\u00a0\u00bb et des lancers de fumig\u00e8nes. \u00ab\u00a0Ils ont \u00e9galement lanc\u00e9 des <strong>insultes et menaces<\/strong> \u00e0 l\u2019encontre des \u00e9lu-es et personnes pr\u00e9sentes dans la salle du Conseil, dont une journaliste qui a annonc\u00e9 son intention de d\u00e9poser plainte.\u00a0\u00bb<\/p>\n<p class=\" wall-content\">La Ville pr\u00e9cise qu\u2019elle fera de m\u00eame \u00ab\u00a0dans les meilleurs d\u00e9lais\u00a0\u00bb pour \u00ab\u00a0pr\u00e9server ses droits et ceux de ses agents\u00a0\u00bb.<\/p>\n<p>Pas de bless\u00e9s<\/p>\n<p class=\" wall-content\">Contact\u00e9s par <a href=\"https:\/\/actu.fr\/grenoble\/\" rel=\"nofollow noopener\" target=\"_blank\">actu Grenoble<\/a>, les collectifs d\u00e9plorent que \u00ab\u00a0la mairie <strong>nous cantonne sur le trottoir<\/strong>\u00a0\u00bb et ait interdit l\u2019acc\u00e8s \u00e0 la salle du conseil.<\/p>\n<p class=\" wall-content\">Selon eux, plusieurs de leurs membres ont pu faire partie du groupe qui appara\u00eet dans la vid\u00e9o film\u00e9e \u00e0 l\u2019int\u00e9rieur de la mairie, mais ils assurent que tous sont ressortis par la suite, \u00ab\u00a0sans avoir besoin de faire intervenir la police\u00a0\u00bb.<\/p>\n<p class=\" wall-content\">Concernant l\u2019individu qui aurait eu des \u00ab\u00a0<strong>gestes et mots inappropri\u00e9s<\/strong>\u00ab\u00a0, notamment \u00e0 l\u2019encontre d\u2019une journaliste pr\u00e9sente au conseil municipal, ils \u00ab\u00a0condamnent fermement\u00a0\u00bb ces actes. Et de souligner que l\u2019individu en question \u00ab\u00a0a \u00e9t\u00e9 identifi\u00e9\u00a0\u00bb.<\/p>\n<p class=\" wall-content\">Suivez toute l\u2019actualit\u00e9 de vos villes et m\u00e9dias favoris en vous inscrivant \u00e0 <a href=\"https:\/\/moncompte.actu.fr\" title=\"D\u00e9couvez Mon Actu\" rel=\"nofollow noopener\" data-trk=\"{&quot;cta&quot;:{&quot;action&quot;:&quot;https:\\\/\\\/moncompte.actu.fr&quot;,&quot;category&quot;:&quot;mon compte&quot;,&quot;from&quot;:&quot;article footer&quot;,&quot;name&quot;:&quot;Mon actu&quot;,&quot;type&quot;:&quot;cta&quot;}}\" target=\"_blank\">Mon Actu<\/a>.<\/p>\n","protected":false},"excerpt":{"rendered":"Par Lisa Rodrigues Publi\u00e9 le 19 mai 2025 \u00e0 18h07 Un conseil municipal pour le moins anim\u00e9 \u00e0&hellip;\n","protected":false},"author":2,"featured_media":112973,"comment_status":"","ping_status":"","sticky":false,"template":"","format":"standard","meta":{"footnotes":""},"categories":[9566],"tags":[1111,11,2430,215,9607,1777,674,1011,27,2731,12,25,104],"class_list":{"0":"post-112972","1":"post","2":"type-post","3":"status-publish","4":"format-standard","5":"has-post-thumbnail","7":"category-grenoble","8":"tag-actu","9":"tag-actualites","10":"tag-auvergne-rhone-alpes","11":"tag-commerce","12":"tag-eric-piolle","13":"tag-eu","14":"tag-europe","15":"tag-fr","16":"tag-france","17":"tag-grenoble","18":"tag-news","19":"tag-republique-francaise","20":"tag-societe"},"share_on_mastodon":{"url":"https:\/\/pubeurope.com\/@fr\/114537171857926396","error":""},"_links":{"self":[{"href":"https:\/\/www.europesays.com\/fr\/wp-json\/wp\/v2\/posts\/112972","targetHints":{"allow":["GET"]}}],"collection":[{"href":"https:\/\/www.europesays.com\/fr\/wp-json\/wp\/v2\/posts"}],"about":[{"href":"https:\/\/www.europesays.com\/fr\/wp-json\/wp\/v2\/types\/post"}],"author":[{"embeddable":true,"href":"https:\/\/www.europesays.com\/fr\/wp-json\/wp\/v2\/users\/2"}],"replies":[{"embeddable":true,"href":"https:\/\/www.europesays.com\/fr\/wp-json\/wp\/v2\/comments?post=112972"}],"version-history":[{"count":0,"href":"https:\/\/www.europesays.com\/fr\/wp-json\/wp\/v2\/posts\/112972\/revisions"}],"wp:featuredmedia":[{"embeddable":true,"href":"https:\/\/www.europesays.com\/fr\/wp-json\/wp\/v2\/media\/112973"}],"wp:attachment":[{"href":"https:\/\/www.europesays.com\/fr\/wp-json\/wp\/v2\/media?parent=112972"}],"wp:term":[{"taxonomy":"category","embeddable":true,"href":"https:\/\/www.europesays.com\/fr\/wp-json\/wp\/v2\/categories?post=112972"},{"taxonomy":"post_tag","embeddable":true,"href":"https:\/\/www.europesays.com\/fr\/wp-json\/wp\/v2\/tags?post=112972"}],"curies":[{"name":"wp","href":"https:\/\/api.w.org\/{rel}","templated":true}]}}