{"id":112980,"date":"2025-05-19T23:51:32","date_gmt":"2025-05-19T23:51:32","guid":{"rendered":"https:\/\/www.europesays.com\/fr\/112980\/"},"modified":"2025-05-19T23:51:32","modified_gmt":"2025-05-19T23:51:32","slug":"strasbourg-une-journee-bougeons-ensemble-a-lorangerie-pour-les-eleves-de-ce2-2","status":"publish","type":"post","link":"https:\/\/www.europesays.com\/fr\/112980\/","title":{"rendered":"Strasbourg. Une journ\u00e9e Bougeons ensemble \u00e0 l\u2019Orangerie pour les \u00e9l\u00e8ves de CE2"},"content":{"rendered":"<p>En partenariat avec la direction acad\u00e9mique du Bas-Rhin, <a href=\"https:\/\/www.dna.fr\/sport\/2025\/03\/26\/l-equilibre-financier-objectif-principal-de-2025\" target=\"_blank\" rel=\"nofollow noopener\">l\u2019office des sports de Strasbourg<\/a> organise jeudi 22\u00a0mai de 9 h \u00e0 15 h 30 au parc de l\u2019Orangerie une manifestation sportive destin\u00e9e aux \u00e9l\u00e8ves de CE2 de l\u2019Eurom\u00e9tropole de Strasbourg. Objectif de \u00ab Bougeons ensemble\u00a0\u00bb : le d\u00e9veloppement des activit\u00e9s physiques et sportives comme outil de sant\u00e9 et la sensibilisation des enfants sur les principes d\u2019alimentation et d\u2019\u00e9co-citoyennet\u00e9.<\/p>\n<p>  Trois temps forts<\/p>\n<p>Au programme, trois temps forts se succ\u00e9deront par roulement au cours de la journ\u00e9e\u00a0:<\/p>\n<p>&#8211; Une course chronom\u00e9tr\u00e9e d\u2019environ 2\u00a0km avec remise de prix et ravitaillement.<br \/>&#8211; Des ateliers sportifs \u00e9co-responsables (courir, sauter et lancer) en partenariat avec l\u2019ASN67 et l\u2019Epide.<br \/>&#8211; Un atelier \u201cteste ta forme\u201d en partenariat avec Indoor Sant\u00e9.<\/p>\n<p>De plus, lors de cette journ\u00e9e, le partage de valeurs sera mis en avant comme l\u2019entraide et le soutien, gr\u00e2ce notamment aux ateliers et \u00e0 la pratique sportive.<\/p>\n<p class=\"note\">Jeudi 22 mai de 9 h \u00e0 15 h 30 au parc de l\u2019Orangerie \u00e0 Strasbourg. Acc\u00e8s libre et gratuit pour les personnes souhaitant encourager les \u00e9l\u00e8ves.<\/p>\n","protected":false},"excerpt":{"rendered":"En partenariat avec la direction acad\u00e9mique du Bas-Rhin, l\u2019office des sports de Strasbourg organise jeudi 22\u00a0mai de 9&hellip;\n","protected":false},"author":2,"featured_media":112981,"comment_status":"","ping_status":"","sticky":false,"template":"","format":"standard","meta":{"footnotes":""},"categories":[2820],"tags":[1111,11,2880,1057,1777,674,107,1011,27,775,10425,12,25,640,2879],"class_list":{"0":"post-112980","1":"post","2":"type-post","3":"status-publish","4":"format-standard","5":"has-post-thumbnail","7":"category-strasbourg","8":"tag-actu","9":"tag-actualites","10":"tag-edition-strasbourg","11":"tag-education","12":"tag-eu","13":"tag-europe","14":"tag-fil-info","15":"tag-fr","16":"tag-france","17":"tag-grand-est","18":"tag-maternelle-elementaire","19":"tag-news","20":"tag-republique-francaise","21":"tag-strasbourg","22":"tag-strasbourg-ville"},"share_on_mastodon":{"url":"https:\/\/pubeurope.com\/@fr\/114537187722848093","error":""},"_links":{"self":[{"href":"https:\/\/www.europesays.com\/fr\/wp-json\/wp\/v2\/posts\/112980","targetHints":{"allow":["GET"]}}],"collection":[{"href":"https:\/\/www.europesays.com\/fr\/wp-json\/wp\/v2\/posts"}],"about":[{"href":"https:\/\/www.europesays.com\/fr\/wp-json\/wp\/v2\/types\/post"}],"author":[{"embeddable":true,"href":"https:\/\/www.europesays.com\/fr\/wp-json\/wp\/v2\/users\/2"}],"replies":[{"embeddable":true,"href":"https:\/\/www.europesays.com\/fr\/wp-json\/wp\/v2\/comments?post=112980"}],"version-history":[{"count":0,"href":"https:\/\/www.europesays.com\/fr\/wp-json\/wp\/v2\/posts\/112980\/revisions"}],"wp:featuredmedia":[{"embeddable":true,"href":"https:\/\/www.europesays.com\/fr\/wp-json\/wp\/v2\/media\/112981"}],"wp:attachment":[{"href":"https:\/\/www.europesays.com\/fr\/wp-json\/wp\/v2\/media?parent=112980"}],"wp:term":[{"taxonomy":"category","embeddable":true,"href":"https:\/\/www.europesays.com\/fr\/wp-json\/wp\/v2\/categories?post=112980"},{"taxonomy":"post_tag","embeddable":true,"href":"https:\/\/www.europesays.com\/fr\/wp-json\/wp\/v2\/tags?post=112980"}],"curies":[{"name":"wp","href":"https:\/\/api.w.org\/{rel}","templated":true}]}}