{"id":112988,"date":"2025-05-19T23:55:08","date_gmt":"2025-05-19T23:55:08","guid":{"rendered":"https:\/\/www.europesays.com\/fr\/112988\/"},"modified":"2025-05-19T23:55:08","modified_gmt":"2025-05-19T23:55:08","slug":"previsions-du-mardi-20-mai-2025-3","status":"publish","type":"post","link":"https:\/\/www.europesays.com\/fr\/112988\/","title":{"rendered":"pr\u00e9visions du mardi 20 mai 2025"},"content":{"rendered":"<p>Nantes aura le plaisir de pouvoir profiter d&rsquo;une superbe journ\u00e9e ensoleill\u00e9e. Les temp\u00e9ratures seront de 10\u00b0C au plus bas et de 22\u00b0C au maximum. Le matin, le mercure affichera 17\u00b0C en moyenne. Un vent de nord soufflera l\u00e9g\u00e8rement. Le temps va se r\u00e9chauffer l&rsquo;apr\u00e8s-midi avec une hausse de plusieurs degr\u00e9s. Les maximales pourront atteindre 22\u00b0C alors que les minimales seront de 20\u00b0C. Il fera en moyenne 16\u00b0C, le soir. On s&rsquo;attend \u00e0 une nuit claire entre mardi et mercredi.<\/p>\n<p>Demain, le mercure va descendre de quelques degr\u00e9s \u00e0 Nantes. Les valeurs seront comprises entre 10 et 18\u00b0C. Le soleil aura du mal \u00e0 percer au milieu des nuages qui persisteront dans la matin\u00e9e. Un vent de nord rafra\u00eechira l\u00e9g\u00e8rement l&rsquo;atmosph\u00e8re. La grisaille ne se disperse toujours pas, il va y avoir encore des nuages demain apr\u00e8s-midi. Des pluies \u00e9parses sont attendues. Les temp\u00e9ratures s&rsquo;\u00e9chelonneront entre 15 et 18\u00b0C. Des averses sont \u00e0 pr\u00e9voir demain soir. La ville se retrouvera de temps \u00e0 autre sous la pluie. Une petite brise de nord-est sera ressentie par les habitants.<\/p>\n<p>Les conditions m\u00e9t\u00e9orologiques des jours suivants vont s&rsquo;am\u00e9liorer. Il fera 14\u00b0C en moyenne pour des journ\u00e9es avec une m\u00e9t\u00e9o ensoleill\u00e9e.<\/p>\n<p><\/p>\n","protected":false},"excerpt":{"rendered":"Nantes aura le plaisir de pouvoir profiter d&rsquo;une superbe journ\u00e9e ensoleill\u00e9e. Les temp\u00e9ratures seront de 10\u00b0C au plus&hellip;\n","protected":false},"author":2,"featured_media":112989,"comment_status":"","ping_status":"","sticky":false,"template":"","format":"standard","meta":{"footnotes":""},"categories":[2818],"tags":[1111,11,1777,674,1011,27,3047,766,12,2636,2119,25],"class_list":{"0":"post-112988","1":"post","2":"type-post","3":"status-publish","4":"format-standard","5":"has-post-thumbnail","7":"category-nantes","8":"tag-actu","9":"tag-actualites","10":"tag-eu","11":"tag-europe","12":"tag-fr","13":"tag-france","14":"tag-loire-atlantique","15":"tag-nantes","16":"tag-news","17":"tag-pays-de-la-loire","18":"tag-previsions-meteo","19":"tag-republique-francaise"},"share_on_mastodon":{"url":"https:\/\/pubeurope.com\/@fr\/114537203447407947","error":""},"_links":{"self":[{"href":"https:\/\/www.europesays.com\/fr\/wp-json\/wp\/v2\/posts\/112988","targetHints":{"allow":["GET"]}}],"collection":[{"href":"https:\/\/www.europesays.com\/fr\/wp-json\/wp\/v2\/posts"}],"about":[{"href":"https:\/\/www.europesays.com\/fr\/wp-json\/wp\/v2\/types\/post"}],"author":[{"embeddable":true,"href":"https:\/\/www.europesays.com\/fr\/wp-json\/wp\/v2\/users\/2"}],"replies":[{"embeddable":true,"href":"https:\/\/www.europesays.com\/fr\/wp-json\/wp\/v2\/comments?post=112988"}],"version-history":[{"count":0,"href":"https:\/\/www.europesays.com\/fr\/wp-json\/wp\/v2\/posts\/112988\/revisions"}],"wp:featuredmedia":[{"embeddable":true,"href":"https:\/\/www.europesays.com\/fr\/wp-json\/wp\/v2\/media\/112989"}],"wp:attachment":[{"href":"https:\/\/www.europesays.com\/fr\/wp-json\/wp\/v2\/media?parent=112988"}],"wp:term":[{"taxonomy":"category","embeddable":true,"href":"https:\/\/www.europesays.com\/fr\/wp-json\/wp\/v2\/categories?post=112988"},{"taxonomy":"post_tag","embeddable":true,"href":"https:\/\/www.europesays.com\/fr\/wp-json\/wp\/v2\/tags?post=112988"}],"curies":[{"name":"wp","href":"https:\/\/api.w.org\/{rel}","templated":true}]}}