{"id":112990,"date":"2025-05-19T23:56:19","date_gmt":"2025-05-19T23:56:19","guid":{"rendered":"https:\/\/www.europesays.com\/fr\/112990\/"},"modified":"2025-05-19T23:56:19","modified_gmt":"2025-05-19T23:56:19","slug":"un-appel-a-temoins-lance-apres-la-disparition-dune-ado-depuis-plus-dune-semaine","status":"publish","type":"post","link":"https:\/\/www.europesays.com\/fr\/112990\/","title":{"rendered":"Un appel \u00e0 t\u00e9moins lanc\u00e9 apr\u00e8s la disparition d\u2019une ado depuis plus d\u2019une semaine"},"content":{"rendered":"<p><strong>ENQU\u00caTE &#8211; Kalinka, 14 ans, a fugu\u00e9 de son foyer \u00e0 Basse-Goulaine (Loire-Atlantique) le dimanche 11\u00a0mai et reste introuvable depuis. La gendarmerie lance un appel \u00e0 t\u00e9moins<\/strong><\/p>\n<p>La <a href=\"https:\/\/www.20minutes.fr\/dossier\/gendarmerie?at_medium=RSS%20feed&amp;at_campaign=ynews&amp;utm_source=yahoo&amp;utm_medium=rss&amp;utm_campaign=news_feed&amp;utm_content=in_article_link\" rel=\"nofollow noopener\" target=\"_blank\" data-ylk=\"slk:gendarmerie;elm:context_link;itc:0;sec:content-canvas\" class=\"link \">gendarmerie<\/a> de Basse-Goulaine, pr\u00e8s de <a href=\"https:\/\/www.20minutes.fr\/nantes\/?at_medium=RSS%20feed&amp;at_campaign=ynews&amp;utm_source=yahoo&amp;utm_medium=rss&amp;utm_campaign=news_feed&amp;utm_content=in_article_link\" rel=\"nofollow noopener\" target=\"_blank\" data-ylk=\"slk:Nantes;elm:context_link;itc:0;sec:content-canvas\" class=\"link \">Nantes<\/a>, a lanc\u00e9 un appel \u00e0 t\u00e9moins pour retrouver Kalinka, une <a href=\"https:\/\/www.20minutes.fr\/dossier\/adolescent?at_medium=RSS%20feed&amp;at_campaign=ynews&amp;utm_source=yahoo&amp;utm_medium=rss&amp;utm_campaign=news_feed&amp;utm_content=in_article_link\" rel=\"nofollow noopener\" target=\"_blank\" data-ylk=\"slk:adolescente;elm:context_link;itc:0;sec:content-canvas\" class=\"link \">adolescente<\/a> de 14 ans port\u00e9e disparue depuis le dimanche 11\u00a0mai. Elle a fugu\u00e9 du foyer o\u00f9 elle \u00e9tait h\u00e9berg\u00e9e \u00e0 Basse-Goulaine et n\u2019a plus donn\u00e9 signe de vie depuis ce jour.<\/p>\n<p>Selon les enqu\u00eateurs, la jeune fille a \u00e9t\u00e9 vue pour la derni\u00e8re fois en d\u00e9but d\u2019apr\u00e8s-midi sur le boulevard des Pas Enchant\u00e9s, \u00e0 Saint-S\u00e9bastien-sur-Loire. \u00ab\u00a0Depuis, elle n\u2019a pas donn\u00e9 signe de vie et ne dispose pas de son t\u00e9l\u00e9phone portable\u00a0\u00bb, pr\u00e9cise la gendarmerie, qui \u00e9voque des \u00ab\u00a0recherches importantes en cours\u00a0\u00bb.<\/p>\n<p>Kalinka mesure 1,57 m\u00e8tre, a les cheveux ch\u00e2tain clair mi-longs. Lors de sa disparition, elle portait une doudoune, un pantalon gris fonc\u00e9 et des baskets blanches.<\/p>\n<p>Toute personne disposant d\u2019informations permettant de la localiser est pri\u00e9e de contacter la gendarmerie de Basse-Goulaine au 02.40.80.56.93 ou par mail \u00e0 bta.basse-goulaine@gendarmerie.interieur.gouv.fr.<\/p>\n<p><a href=\"https:\/\/www.20minutes.fr\/faits_divers\/4154367-20250519-nantes-appel-temoins-lance-apres-disparition-ado-depuis-plus-semaine?at_medium=RSS%20feed&amp;at_campaign=ynews&amp;utm_source=yahoo&amp;utm_medium=rss&amp;utm_campaign=news_feed&amp;utm_content=read_more_link&quot;\" rel=\"nofollow noopener\" target=\"_blank\" data-ylk=\"slk:Lire la suite sur 20minutes;elm:context_link;itc:0;sec:content-canvas\" class=\"link \">Lire la suite sur 20minutes<\/a><\/p>\n<p>\u00c0 lire aussi :<br \/><a href=\"https:\/\/www.20minutes.fr\/faits_divers\/4150164-20250424-doubs-disparition-inquietante-homme-33-ans-appel-temoins-lance?at_medium=RSS%20feed&amp;at_campaign=ynews&amp;utm_source=yahoo&amp;utm_medium=rss&amp;utm_campaign=news_feed&amp;utm_content=related_content_link\" rel=\"nofollow noopener\" target=\"_blank\" data-ylk=\"slk:Doubs\u00a0: Disparition inqui\u00e9tante d\u2019un homme de 33 ans, un appel \u00e0 t\u00e9moins lanc\u00e9;elm:context_link;itc:0;sec:content-canvas\" class=\"link \">Doubs\u00a0: Disparition inqui\u00e9tante d\u2019un homme de 33 ans, un appel \u00e0 t\u00e9moins lanc\u00e9<\/a><br \/><a href=\"https:\/\/www.20minutes.fr\/faits_divers\/4147381-20250407-belfort-appel-temoins-retrouver-ado-16-ans-disparue-bebe-depuis-quinze-jours?at_medium=RSS%20feed&amp;at_campaign=ynews&amp;utm_source=yahoo&amp;utm_medium=rss&amp;utm_campaign=news_feed&amp;utm_content=related_content_link\" rel=\"nofollow noopener\" target=\"_blank\" data-ylk=\"slk:Belfort\u00a0: Appel \u00e0 t\u00e9moins pour retrouver une ado de 16 ans disparue avec son b\u00e9b\u00e9 depuis quinze jours;elm:context_link;itc:0;sec:content-canvas\" class=\"link \">Belfort\u00a0: Appel \u00e0 t\u00e9moins pour retrouver une ado de 16 ans disparue avec son b\u00e9b\u00e9 depuis quinze jours<\/a><\/p>\n","protected":false},"excerpt":{"rendered":"ENQU\u00caTE &#8211; Kalinka, 14 ans, a fugu\u00e9 de son foyer \u00e0 Basse-Goulaine (Loire-Atlantique) le dimanche 11\u00a0mai et reste&hellip;\n","protected":false},"author":2,"featured_media":112991,"comment_status":"","ping_status":"","sticky":false,"template":"","format":"standard","meta":{"footnotes":""},"categories":[2818],"tags":[1111,11,4260,3266,1777,674,1011,27,23271,20650,766,12,2636,25,13303],"class_list":{"0":"post-112990","1":"post","2":"type-post","3":"status-publish","4":"format-standard","5":"has-post-thumbnail","7":"category-nantes","8":"tag-actu","9":"tag-actualites","10":"tag-appel-a-temoins","11":"tag-basse-goulaine","12":"tag-eu","13":"tag-europe","14":"tag-fr","15":"tag-france","16":"tag-kalinka","17":"tag-la-derniere-fois","18":"tag-nantes","19":"tag-news","20":"tag-pays-de-la-loire","21":"tag-republique-francaise","22":"tag-signe-de-vie"},"share_on_mastodon":{"url":"https:\/\/pubeurope.com\/@fr\/114537207262560927","error":""},"_links":{"self":[{"href":"https:\/\/www.europesays.com\/fr\/wp-json\/wp\/v2\/posts\/112990","targetHints":{"allow":["GET"]}}],"collection":[{"href":"https:\/\/www.europesays.com\/fr\/wp-json\/wp\/v2\/posts"}],"about":[{"href":"https:\/\/www.europesays.com\/fr\/wp-json\/wp\/v2\/types\/post"}],"author":[{"embeddable":true,"href":"https:\/\/www.europesays.com\/fr\/wp-json\/wp\/v2\/users\/2"}],"replies":[{"embeddable":true,"href":"https:\/\/www.europesays.com\/fr\/wp-json\/wp\/v2\/comments?post=112990"}],"version-history":[{"count":0,"href":"https:\/\/www.europesays.com\/fr\/wp-json\/wp\/v2\/posts\/112990\/revisions"}],"wp:featuredmedia":[{"embeddable":true,"href":"https:\/\/www.europesays.com\/fr\/wp-json\/wp\/v2\/media\/112991"}],"wp:attachment":[{"href":"https:\/\/www.europesays.com\/fr\/wp-json\/wp\/v2\/media?parent=112990"}],"wp:term":[{"taxonomy":"category","embeddable":true,"href":"https:\/\/www.europesays.com\/fr\/wp-json\/wp\/v2\/categories?post=112990"},{"taxonomy":"post_tag","embeddable":true,"href":"https:\/\/www.europesays.com\/fr\/wp-json\/wp\/v2\/tags?post=112990"}],"curies":[{"name":"wp","href":"https:\/\/api.w.org\/{rel}","templated":true}]}}