{"id":112996,"date":"2025-05-19T23:59:08","date_gmt":"2025-05-19T23:59:08","guid":{"rendered":"https:\/\/www.europesays.com\/fr\/112996\/"},"modified":"2025-05-19T23:59:08","modified_gmt":"2025-05-19T23:59:08","slug":"previsions-du-mardi-20-mai-2025-5","status":"publish","type":"post","link":"https:\/\/www.europesays.com\/fr\/112996\/","title":{"rendered":"pr\u00e9visions du mardi 20 mai 2025"},"content":{"rendered":"<p>Aujourd&rsquo;hui, il est possible que de petites averses \u00e9clatent \u00e0 Toulouse. Il va faire environ 14\u00b0C. Un vent d&rsquo;ouest, enregistrant 21 km\/h, soufflera. Les temp\u00e9ratures iront de 13 \u00e0 14\u00b0C sur l&rsquo;ensemble de la matin\u00e9e. Les valeurs seront comprises entre 14 et 16\u00b0C durant l&rsquo;apr\u00e8s-midi. Encore de la grisaille le soir. Les nuages vont stationner. De la pluie va tomber. Les temp\u00e9ratures s&rsquo;\u00e9chelonneront entre 15 et 16\u00b0C. Durant la nuit de mardi \u00e0 mercredi, le ciel sera l\u00e9g\u00e8rement voil\u00e9.<\/p>\n<p>Le temps va se r\u00e9chauffer demain \u00e0 Toulouse avec une augmentation de quelques degr\u00e9s. Les valeurs afficheront entre 11 et 20\u00b0C. On notera la pr\u00e9sence persistante de l\u00e9gers nuages le matin. On pr\u00e9voit des temp\u00e9ratures avoisinant 15\u00b0C. Un vent d&rsquo;ouest rafra\u00eechira sensiblement l&rsquo;atmosph\u00e8re. L&rsquo;apr\u00e8s-midi va rester gris \u00e0 cause de nuages qui perdurent dans le ciel. Il faudra emporter son parapluie pour \u00e9viter les pluies \u00e9parses. En revanche, c&rsquo;est une hausse de plusieurs degr\u00e9s que vont conna\u00eetre les temp\u00e9ratures. Les valeurs seront comprises entre 18\u00b0C et 20\u00b0C. De petits nuages en pr\u00e9vision demain soir, et un ciel encore gris. Les maximales atteindront les 17\u00b0C tandis que les minimales seront de 14\u00b0C. Une brise d&rsquo;ouest soufflera l\u00e9g\u00e8rement.<\/p>\n<p>Des conditions m\u00e9t\u00e9orologiques mitig\u00e9es sont attendues les jours suivants. La m\u00e9t\u00e9o sera pluvieuse jeudi mais elle conna\u00eetra une am\u00e9lioration vendredi.<\/p>\n<p><\/p>\n","protected":false},"excerpt":{"rendered":"Aujourd&rsquo;hui, il est possible que de petites averses \u00e9clatent \u00e0 Toulouse. Il va faire environ 14\u00b0C. Un vent&hellip;\n","protected":false},"author":2,"featured_media":112997,"comment_status":"","ping_status":"","sticky":false,"template":"","format":"standard","meta":{"footnotes":""},"categories":[2816],"tags":[1111,11,1777,674,1011,27,2722,2721,12,2680,2119,25,2312],"class_list":{"0":"post-112996","1":"post","2":"type-post","3":"status-publish","4":"format-standard","5":"has-post-thumbnail","7":"category-toulouse","8":"tag-actu","9":"tag-actualites","10":"tag-eu","11":"tag-europe","12":"tag-fr","13":"tag-france","14":"tag-haute-garonne","15":"tag-midi-pyrenees","16":"tag-news","17":"tag-occitanie","18":"tag-previsions-meteo","19":"tag-republique-francaise","20":"tag-toulouse"},"share_on_mastodon":{"url":"https:\/\/pubeurope.com\/@fr\/114537219051008660","error":""},"_links":{"self":[{"href":"https:\/\/www.europesays.com\/fr\/wp-json\/wp\/v2\/posts\/112996","targetHints":{"allow":["GET"]}}],"collection":[{"href":"https:\/\/www.europesays.com\/fr\/wp-json\/wp\/v2\/posts"}],"about":[{"href":"https:\/\/www.europesays.com\/fr\/wp-json\/wp\/v2\/types\/post"}],"author":[{"embeddable":true,"href":"https:\/\/www.europesays.com\/fr\/wp-json\/wp\/v2\/users\/2"}],"replies":[{"embeddable":true,"href":"https:\/\/www.europesays.com\/fr\/wp-json\/wp\/v2\/comments?post=112996"}],"version-history":[{"count":0,"href":"https:\/\/www.europesays.com\/fr\/wp-json\/wp\/v2\/posts\/112996\/revisions"}],"wp:featuredmedia":[{"embeddable":true,"href":"https:\/\/www.europesays.com\/fr\/wp-json\/wp\/v2\/media\/112997"}],"wp:attachment":[{"href":"https:\/\/www.europesays.com\/fr\/wp-json\/wp\/v2\/media?parent=112996"}],"wp:term":[{"taxonomy":"category","embeddable":true,"href":"https:\/\/www.europesays.com\/fr\/wp-json\/wp\/v2\/categories?post=112996"},{"taxonomy":"post_tag","embeddable":true,"href":"https:\/\/www.europesays.com\/fr\/wp-json\/wp\/v2\/tags?post=112996"}],"curies":[{"name":"wp","href":"https:\/\/api.w.org\/{rel}","templated":true}]}}