{"id":11300,"date":"2025-04-08T22:51:45","date_gmt":"2025-04-08T22:51:45","guid":{"rendered":"https:\/\/www.europesays.com\/fr\/11300\/"},"modified":"2025-04-08T22:51:45","modified_gmt":"2025-04-08T22:51:45","slug":"guerre-en-ukraine-la-russie-veut-regler-des-questions-avant-une-treve-emmanuel-macron-simpatiente","status":"publish","type":"post","link":"https:\/\/www.europesays.com\/fr\/11300\/","title":{"rendered":"Guerre en Ukraine. La Russie veut r\u00e9gler des \u00ab\u00a0questions\u00a0\u00bb avant une tr\u00eave : Emmanuel Macron s&rsquo;impatiente"},"content":{"rendered":"<p>            Par<br \/>\n        <strong><br \/>\n            <a href=\"https:\/\/actu.fr\/auteur\/redaction-actu\" title=\"Consulter tous les articles de R\u00e9daction Actu\" rel=\"nofollow noopener\" target=\"_blank\">R\u00e9daction Actu<\/a><br \/>\n        <\/strong><\/p>\n<p>        Publi\u00e9 le<\/p>\n<p>            7 avr. 2025 \u00e0 21h58        <\/p>\n<p>Le Pr\u00e9sident fran\u00e7ais a d\u00e9nonc\u00e9la multiplication des frappes russes. L\u2019une d\u2019entre elles a fait vendredi 20 morts, dont neuf enfants.<\/p>\n<p class=\" wall-content\">Le Kremlin a estim\u00e9, ce lundi 7 avril 2025 que de nombreuses questions restaient \u00e0 r\u00e9gler en vue de conclure un accord de cessez-le-feu global avec l\u2019Ukraine, au moment o\u00f9 les pourparlers initi\u00e9s par Washington peinent \u00e0 aboutir \u00e0 des r\u00e9sultats concrets.<\/p>\n<p class=\" wall-content\">Le pr\u00e9sident fran\u00e7ais Emmanuel Macron a, pour sa part, accus\u00e9 la Russie faire tra\u00eener les discussions et lui a demand\u00e9 d\u2019accepter \u00ab\u00a0le cessez-le-feu sans conditions\u00a0\u00bb propos\u00e9 en mars par son homologue am\u00e9ricain Donald Trump.<\/p>\n<p>La Russie persiste dans son argumentaire de \u00ab\u00a0d\u00e9nazification\u00a0\u00bb (sic)<\/p>\n<p class=\" wall-content\">Ce dernier a d\u00e9nonc\u00e9 dimanche la multiplication des frappes russes ayant vis\u00e9 l\u2019Ukraine ces derniers jours. L\u2019une d\u2019entre elles a fait vendredi 20 morts, dont neuf enfants. De son c\u00f4t\u00e9, la pr\u00e9sidence russe a une nouvelle fois reproch\u00e9 au gouvernement ukrainien d\u2019emp\u00eacher les n\u00e9gociations d\u2019avancer.<\/p>\n<p class=\" wall-content\">Vladimir \u00ab\u00a0Poutine soutient l\u2019id\u00e9e de la n\u00e9cessit\u00e9 d\u2019un cessez-le-feu mais, avant cela, toute une s\u00e9rie de questions reste en suspens\u00a0\u00bb, a d\u00e9clar\u00e9 lundi le porte-parole du Kremlin, Dmitri Peskov, au cours de son briefing quotidien auquel participe l\u2019AFP.<\/p>\n<p>Vid\u00e9os : en ce moment sur Actu<\/p>\n<p class=\" wall-content\">Selon lui, ces questions concernent notamment \u00ab\u00a0l\u2019incapacit\u00e9 du r\u00e9gime de Kiev \u00e0 contr\u00f4ler plusieurs groupes extr\u00e9mistes\u00a0\u00bb et \u00ab\u00a0les projets de militarisation ult\u00e9rieure\u00a0\u00bb de l\u2019Ukraine.\u00a0<br \/>La Russie explique en particulier son assaut contre ce pays voisin par une volont\u00e9 de le \u00ab\u00a0d\u00e9nazifier\u00a0\u00bb et de le \u00ab\u00a0d\u00e9militariser\u00a0\u00bb.<\/p>\n<p>Des dizaines de milliers de morts<\/p>\n<p class=\" wall-content\">Apr\u00e8s <a href=\"https:\/\/actu.fr\/monde\/guerre-en-ukraine-apres-trois-ans-de-combat-volodymyr-zelensky-reclame-davantage-d-armes_60741695.html\" rel=\"nofollow noopener\" target=\"_blank\">trois ans d\u2019un conflit d\u00e9clench\u00e9 par Moscou<\/a> qui a fait des dizaines de milliers de morts, Donald Trump ambitionne de mettre fin aux hostilit\u00e9s. Pour cela, il a rompu, en f\u00e9vrier, l\u2019isolement diplomatique impos\u00e9 \u00e0 son homologue russe Vladimir Poutine par les Occidentaux apr\u00e8s le d\u00e9but de l\u2019offensive massive en f\u00e9vrier 2022.<\/p>\n<p class=\" wall-content\">Son administration organise des pourparlers indirects avec des responsables russes et ukrainiens en Arabie saoudite, qui n\u2019ont cependant pas abouti \u00e0 une cessation globale des hostilit\u00e9s.<\/p>\n<p class=\" wall-content\">Sous pression am\u00e9ricaine, Kiev avait accept\u00e9, mi-mars, une cessation sans conditions des combats, pour 30 jours. La Russie avait rejet\u00e9 cette initiative en l\u2019\u00e9tat mais accept\u00e9 <a href=\"https:\/\/actu.fr\/monde\/guerre-en-ukraine-moscou-et-kiev-d-accord-pour-un-cessez-le-feu-en-mer-noire_62419767.html\" rel=\"nofollow noopener\" target=\"_blank\">une tr\u00eave plus limit\u00e9e en mer Noire<\/a> et dans les frappes sur les infrastructures \u00e9nerg\u00e9tiques, dont la mise en oeuvre reste incertaine.<\/p>\n<p class=\" wall-content\">En visite en Egypte, Emmanuel Macron a jug\u00e9 lundi \u00ab\u00a0urgent que la Russie cesse les faux-semblants et les tactiques dilatoires\u00a0\u00bb et accepte \u00ab\u00a0sans conditions\u00a0\u00bb ce cessez-le-feu propos\u00e9 par Donald Trump.<\/p>\n<p class=\" wall-content\">\u00ab\u00a0Cela fait presque un mois que non seulement la Russie y oppose une fin de non-recevoir mais qu\u2019elle accro\u00eet les bombardements contre les civils avec encore des pertes tragiques il y a quelques jours en Ukraine\u00a0\u00bb, a-t-il ajout\u00e9.\u00a0<\/p>\n<p class=\" wall-content\">Dimanche, le chef de l\u2019Etat ukrainien Volodymyr Zelensky a regrett\u00e9 l\u2019absence de \u00ab\u00a0r\u00e9ponse\u00a0\u00bb am\u00e9ricaine face au \u00ab\u00a0refus\u00a0\u00bb par Vladimir Poutine d\u2019un cessez-le-feu complet et inconditionnel en Ukraine, apr\u00e8s de nouveaux bombardements meurtriers.<\/p>\n<p>Donald Trump aussi est frustr\u00e9<\/p>\n<p class=\" wall-content\">Ces derniers jours, Kiev a d\u00e9nonc\u00e9 une multiplication des frappes russes, notamment un tir de missile qui a touch\u00e9 vendredi une zone d\u2019habitation \u00e0 Kryvy\u00ef Rig (centre) et qui a fait 20 morts, dont neuf enfants, selon Kiev.<\/p>\n<p class=\" wall-content\">Dimanche soir, Donald Trump a condamn\u00e9 ces attaques.<\/p>\n<blockquote class=\"ac-article-quote wall-content\">\n<p>Nous parlons \u00e0 la Russie. J&rsquo;aimerais qu&rsquo;il (Vladimir Poutine) arr\u00eate. Je n&rsquo;aime pas les bombardements. Et les bombardements se poursuivent encore et encore<\/p>\n<p>    <strong>Donald Trump<\/strong><br \/>\n        Pr\u00e9sident des \u00c9tats-Unis    <\/p><\/blockquote>\n<p class=\" wall-content\">De son c\u00f4t\u00e9, le Kremlin a d\u00e9menti lundi que des infrastructures civiles aient \u00e9t\u00e9 cibl\u00e9es \u00e0 la fin de la semaine derni\u00e8re \u00e0 Kryvy\u00ef Rig. Cette frappe, l\u2019une des plus meurtri\u00e8res de ces derniers mois en Ukraine, a pourtant suscit\u00e9 une grande vague d\u2019\u00e9motion dans ce pays. Lundi, les fun\u00e9railles de plusieurs personnes tu\u00e9es, dont quatre enfants, doivent avoir lieu.<\/p>\n<p class=\" wall-content\">Fin mars, la Russie avait donn\u00e9 son accord \u00e0 un moratoire sur les frappes contre les sites \u00e9nerg\u00e9tiques mais les deux bellig\u00e9rants s\u2019accusent mutuellement depuis de le violer.<\/p>\n<p class=\" wall-content\">M. Trump a ensuite exprim\u00e9 une certaine frustration face \u00e0 la lenteur des n\u00e9gociations, se disant \u00ab\u00a0tr\u00e8s \u00e9nerv\u00e9, furieux\u00a0\u00bb envers son homologue russe, apr\u00e8s que ce dernier eut \u00e9voqu\u00e9 l\u2019id\u00e9e d\u2019une \u00ab\u00a0<a href=\"https:\/\/actu.fr\/monde\/ukraine-c-est-quoi-cette-administration-transitoire-que-veut-vladimir-poutine_62433273.html\" rel=\"nofollow noopener\" target=\"_blank\">administration transitoire<\/a>\u00a0\u00bb en Ukraine, impliquant le d\u00e9part du pouvoir de Volodymyr Zelensky.<\/p>\n<p class=\" wall-content\">Vendredi, le chef de la diplomatie am\u00e9ricaine Marco Rubio a assur\u00e9 que Donald Trump ne tomberait \u00ab\u00a0pas dans le pi\u00e8ge des n\u00e9gociations interminables\u00a0\u00bb \u00e0 propos de ce conflit. \u00ab\u00a0Nous saurons assez vite \u2013 dans quelques semaines et non dans quelques mois \u2013 si la Russie est s\u00e9rieuse ou non en ce qui concerne la paix\u00a0\u00bb, a-t-il pr\u00e9dit.<\/p>\n<p class=\" wall-content\">Avec AFP.<\/p>\n<p class=\" wall-content\">Suivez toute l\u2019actualit\u00e9 de vos villes et m\u00e9dias favoris en vous inscrivant \u00e0 <a href=\"https:\/\/moncompte.actu.fr\" title=\"D\u00e9couvez Mon Actu\" rel=\"nofollow noopener\" data-trk=\"{&quot;cta&quot;:{&quot;action&quot;:&quot;https:\\\/\\\/moncompte.actu.fr&quot;,&quot;category&quot;:&quot;mon compte&quot;,&quot;from&quot;:&quot;article footer&quot;,&quot;name&quot;:&quot;Mon actu&quot;,&quot;type&quot;:&quot;cta&quot;}}\" target=\"_blank\">Mon Actu<\/a>.<\/p>\n","protected":false},"excerpt":{"rendered":"Par R\u00e9daction Actu Publi\u00e9 le 7 avr. 2025 \u00e0 21h58 Le Pr\u00e9sident fran\u00e7ais a d\u00e9nonc\u00e9la multiplication des frappes&hellip;\n","protected":false},"author":2,"featured_media":11301,"comment_status":"","ping_status":"","sticky":false,"template":"","format":"standard","meta":{"footnotes":""},"categories":[1591],"tags":[11,1073,1887,131,12,1885,1886,132,104,134],"class_list":{"0":"post-11300","1":"post","2":"type-post","3":"status-publish","4":"format-standard","5":"has-post-thumbnail","7":"category-russie","8":"tag-actualites","9":"tag-emmanuel-macron","10":"tag-federation-de-russie","11":"tag-guerre-en-ukraine","12":"tag-news","13":"tag-russia","14":"tag-russian-federation","15":"tag-russie","16":"tag-societe","17":"tag-volodymyr-zelensky"},"share_on_mastodon":{"url":"https:\/\/pubeurope.com\/@fr\/114304796759185194","error":""},"_links":{"self":[{"href":"https:\/\/www.europesays.com\/fr\/wp-json\/wp\/v2\/posts\/11300","targetHints":{"allow":["GET"]}}],"collection":[{"href":"https:\/\/www.europesays.com\/fr\/wp-json\/wp\/v2\/posts"}],"about":[{"href":"https:\/\/www.europesays.com\/fr\/wp-json\/wp\/v2\/types\/post"}],"author":[{"embeddable":true,"href":"https:\/\/www.europesays.com\/fr\/wp-json\/wp\/v2\/users\/2"}],"replies":[{"embeddable":true,"href":"https:\/\/www.europesays.com\/fr\/wp-json\/wp\/v2\/comments?post=11300"}],"version-history":[{"count":0,"href":"https:\/\/www.europesays.com\/fr\/wp-json\/wp\/v2\/posts\/11300\/revisions"}],"wp:featuredmedia":[{"embeddable":true,"href":"https:\/\/www.europesays.com\/fr\/wp-json\/wp\/v2\/media\/11301"}],"wp:attachment":[{"href":"https:\/\/www.europesays.com\/fr\/wp-json\/wp\/v2\/media?parent=11300"}],"wp:term":[{"taxonomy":"category","embeddable":true,"href":"https:\/\/www.europesays.com\/fr\/wp-json\/wp\/v2\/categories?post=11300"},{"taxonomy":"post_tag","embeddable":true,"href":"https:\/\/www.europesays.com\/fr\/wp-json\/wp\/v2\/tags?post=11300"}],"curies":[{"name":"wp","href":"https:\/\/api.w.org\/{rel}","templated":true}]}}