{"id":113000,"date":"2025-05-20T00:01:10","date_gmt":"2025-05-20T00:01:10","guid":{"rendered":"https:\/\/www.europesays.com\/fr\/113000\/"},"modified":"2025-05-20T00:01:10","modified_gmt":"2025-05-20T00:01:10","slug":"previsions-du-mardi-20-mai-2025-6","status":"publish","type":"post","link":"https:\/\/www.europesays.com\/fr\/113000\/","title":{"rendered":"pr\u00e9visions du mardi 20 mai 2025"},"content":{"rendered":"<p>\u00c0 Lille, les maximales iront jusqu&rsquo;\u00e0 23\u00b0C dans la journ\u00e9e alors que les minimales seront de 10\u00b0C. Le matin, un important soleil rayonnera. Les temp\u00e9ratures seront de 18\u00b0C. Une modeste brise de nord-est sera ressentie par les habitants. Apr\u00e8s un bref \u00e9pisode nuageux, l&rsquo;apr\u00e8s-midi, un ciel avec des \u00e9claircies va progressivement prendre la place des nuages. Les temp\u00e9ratures seront comprises entre 18 et 23\u00b0C. Un vent de nord est pr\u00e9vu : il soufflera \u00e0 21 km\/h. Le ciel sera limpide dans la nuit de mardi \u00e0 mercredi.<\/p>\n<p>Demain, c&rsquo;est sur un ciel tapiss\u00e9 de nuages qu&rsquo;il faudra compter \u00e0 Lille. Une diminution des temp\u00e9ratures est \u00e0 pr\u00e9voir. Les valeurs s&rsquo;\u00e9chelonneront entre 8 et 17\u00b0C. Un vent de nord-ouest rafra\u00eechira quelque peu l&rsquo;atmosph\u00e8re. Demain apr\u00e8s-midi, des nuages ne voudront pas c\u00e9der leur place au soleil. Les temp\u00e9ratures afficheront entre 15\u00b0C et 17\u00b0C. Il fera 12\u00b0C en moyenne demain soir.<\/p>\n<p>On pr\u00e9voit une d\u00e9gradation vendredi, apr\u00e8s un jour ensoleill\u00e9 jeudi.<\/p>\n<p><\/p>\n","protected":false},"excerpt":{"rendered":"\u00c0 Lille, les maximales iront jusqu&rsquo;\u00e0 23\u00b0C dans la journ\u00e9e alors que les minimales seront de 10\u00b0C. Le&hellip;\n","protected":false},"author":2,"featured_media":113001,"comment_status":"","ping_status":"","sticky":false,"template":"","format":"standard","meta":{"footnotes":""},"categories":[2815],"tags":[1111,11,1777,674,1011,27,811,1307,12,1308,1309,2119,25],"class_list":{"0":"post-113000","1":"post","2":"type-post","3":"status-publish","4":"format-standard","5":"has-post-thumbnail","7":"category-lille","8":"tag-actu","9":"tag-actualites","10":"tag-eu","11":"tag-europe","12":"tag-fr","13":"tag-france","14":"tag-hauts-de-france","15":"tag-lille","16":"tag-news","17":"tag-nord","18":"tag-nord-pas-de-calais","19":"tag-previsions-meteo","20":"tag-republique-francaise"},"share_on_mastodon":{"url":"https:\/\/pubeurope.com\/@fr\/114537226949610081","error":""},"_links":{"self":[{"href":"https:\/\/www.europesays.com\/fr\/wp-json\/wp\/v2\/posts\/113000","targetHints":{"allow":["GET"]}}],"collection":[{"href":"https:\/\/www.europesays.com\/fr\/wp-json\/wp\/v2\/posts"}],"about":[{"href":"https:\/\/www.europesays.com\/fr\/wp-json\/wp\/v2\/types\/post"}],"author":[{"embeddable":true,"href":"https:\/\/www.europesays.com\/fr\/wp-json\/wp\/v2\/users\/2"}],"replies":[{"embeddable":true,"href":"https:\/\/www.europesays.com\/fr\/wp-json\/wp\/v2\/comments?post=113000"}],"version-history":[{"count":0,"href":"https:\/\/www.europesays.com\/fr\/wp-json\/wp\/v2\/posts\/113000\/revisions"}],"wp:featuredmedia":[{"embeddable":true,"href":"https:\/\/www.europesays.com\/fr\/wp-json\/wp\/v2\/media\/113001"}],"wp:attachment":[{"href":"https:\/\/www.europesays.com\/fr\/wp-json\/wp\/v2\/media?parent=113000"}],"wp:term":[{"taxonomy":"category","embeddable":true,"href":"https:\/\/www.europesays.com\/fr\/wp-json\/wp\/v2\/categories?post=113000"},{"taxonomy":"post_tag","embeddable":true,"href":"https:\/\/www.europesays.com\/fr\/wp-json\/wp\/v2\/tags?post=113000"}],"curies":[{"name":"wp","href":"https:\/\/api.w.org\/{rel}","templated":true}]}}