{"id":1130021,"date":"2026-08-16T07:33:26","date_gmt":"2026-08-16T07:33:26","guid":{"rendered":"https:\/\/www.europesays.com\/fr\/1130021\/"},"modified":"2026-08-16T07:33:26","modified_gmt":"2026-08-16T07:33:26","slug":"athletisme-suivez-la-derniere-journee-des-championnats-deurope-2026-a-birmingham-en-direct-commente","status":"publish","type":"post","link":"https:\/\/www.europesays.com\/fr\/1130021\/","title":{"rendered":"Athl\u00e9tisme : Suivez la derni\u00e8re journ\u00e9e des Championnats d&rsquo;Europe 2026 \u00e0 Birmingham en direct comment\u00e9"},"content":{"rendered":"<p style=\"text-align: center;\"><strong>Dernier tour de piste pour les Bleus aux Championnats d\u2019Europe \u00e0 Birmingham ! D\u00e8s 9h10, le marathon lancera une ultime journ\u00e9e o\u00f9 la d\u00e9l\u00e9gation tricolore aura encore de belles cartes \u00e0 jouer. Puis, en soir\u00e9e, Agathe Guillemot sur 1500 m, Nicolas-Marie Daru et Pierre Boudy sur 3000 m steeple, Hilary Kpatcha \u00e0 la longueur, Aliz\u00e9e Minard au javelot, Baptiste Thiery et Mathieu Collet \u00e0 la perche, ainsi que le 4\u00d7400 m f\u00e9minin entreront en sc\u00e8ne avec une derni\u00e8re mission : Faire vibrer l\u2019Alexander Stadium et cl\u00f4turer ce rendez-vous en beaut\u00e9. Ne manquez rien de cette derni\u00e8re journ\u00e9e gr\u00e2ce \u00e0 notre direct comment\u00e9.<\/strong><\/p>\n","protected":false},"excerpt":{"rendered":"Dernier tour de piste pour les Bleus aux Championnats d\u2019Europe \u00e0 Birmingham ! D\u00e8s 9h10, le marathon lancera&hellip;\n","protected":false},"author":2,"featured_media":1130022,"comment_status":"","ping_status":"","sticky":false,"template":"","format":"standard","meta":{"footnotes":"","_share_on_mastodon":"0"},"categories":[1586],"tags":[5734,11,4132,115779,114059,2180,814,64,1777,674,1011,27,115940,112123,8565,820,12,502,25,1980,114060,1364],"class_list":["post-1130021","post","type-post","status-publish","format-standard","has-post-thumbnail","category-europe","tag-5734","tag-actualites","tag-athletisme","tag-aurelien-quinion","tag-championnats-deurope-de-birmingham","tag-championnats-deurope","tag-direct","tag-equipe-de-france","tag-eu","tag-europe","tag-fr","tag-france","tag-hassan-chahdi","tag-hilary-kpatcha","tag-jimmy-gressier","tag-live","tag-news","tag-programme-tv","tag-republique-francaise","tag-resultats","tag-selection-francaise","tag-tv"],"share_on_mastodon":{"url":"https:\/\/pubeurope.com\/@fr\/117104030942134829","error":""},"_links":{"self":[{"href":"https:\/\/www.europesays.com\/fr\/wp-json\/wp\/v2\/posts\/1130021","targetHints":{"allow":["GET"]}}],"collection":[{"href":"https:\/\/www.europesays.com\/fr\/wp-json\/wp\/v2\/posts"}],"about":[{"href":"https:\/\/www.europesays.com\/fr\/wp-json\/wp\/v2\/types\/post"}],"author":[{"embeddable":true,"href":"https:\/\/www.europesays.com\/fr\/wp-json\/wp\/v2\/users\/2"}],"replies":[{"embeddable":true,"href":"https:\/\/www.europesays.com\/fr\/wp-json\/wp\/v2\/comments?post=1130021"}],"version-history":[{"count":0,"href":"https:\/\/www.europesays.com\/fr\/wp-json\/wp\/v2\/posts\/1130021\/revisions"}],"wp:featuredmedia":[{"embeddable":true,"href":"https:\/\/www.europesays.com\/fr\/wp-json\/wp\/v2\/media\/1130022"}],"wp:attachment":[{"href":"https:\/\/www.europesays.com\/fr\/wp-json\/wp\/v2\/media?parent=1130021"}],"wp:term":[{"taxonomy":"category","embeddable":true,"href":"https:\/\/www.europesays.com\/fr\/wp-json\/wp\/v2\/categories?post=1130021"},{"taxonomy":"post_tag","embeddable":true,"href":"https:\/\/www.europesays.com\/fr\/wp-json\/wp\/v2\/tags?post=1130021"}],"curies":[{"name":"wp","href":"https:\/\/api.w.org\/{rel}","templated":true}]}}