{"id":1130046,"date":"2026-08-16T07:52:16","date_gmt":"2026-08-16T07:52:16","guid":{"rendered":"https:\/\/www.europesays.com\/fr\/1130046\/"},"modified":"2026-08-16T07:52:16","modified_gmt":"2026-08-16T07:52:16","slug":"sept-a-huit-tf1-qui-est-linvite-du-portrait-daudrey-crespo-3","status":"publish","type":"post","link":"https:\/\/www.europesays.com\/fr\/1130046\/","title":{"rendered":"Sept \u00e0 Huit (TF1) : qui est l\u2019invit\u00e9 du portrait d\u2019Audrey Crespo- &#8230;"},"content":{"rendered":"<ul class=\"en-bref-list\">\n<li>Audrey Crespo-Mara anime le portrait de la semaine de Sept \u00e0<br \/>\nHuit le 16 ao\u00fbt 2026 sur TF1, aux c\u00f4t\u00e9s du pr\u00e9sentateur Harry<br \/>\nRoselmack.<\/li>\n<li>TF1 n\u2019a pas encore r\u00e9v\u00e9l\u00e9 l\u2019identit\u00e9 de l\u2019invit\u00e9 du portrait,<br \/>\nmaintenant le flou et laissant Audrey Crespo-Mara \u00ab attiser la<br \/>\ncuriosit\u00e9 \u00bb des t\u00e9l\u00e9spectateurs.<\/li>\n<li>Ce t\u00eate-\u00e0-t\u00eate programm\u00e9 vers 19h30 et disponible ensuite sur<br \/>\nTF1+ pourrait r\u00e9v\u00e9ler des confidences inattendues et marquer un<br \/>\ntournant pour ce myst\u00e9rieux invit\u00e9.<\/li>\n<li>Ce r\u00e9sum\u00e9 g\u00e9n\u00e9r\u00e9 par IA a \u00e9t\u00e9 valid\u00e9 par les journalistes de la<br \/>\nr\u00e9daction.<\/li>\n<\/ul>\n<p>Chaque dimanche en fin d\u2019apr\u00e8s-midi, les t\u00e9l\u00e9spectateurs de TF1<br \/>\nretrouvent le magazine d\u2019information Sept \u00e0 Huit, port\u00e9<br \/>\npar Harry Roselmack. Reportages chocs, r\u00e9cits intimes et enqu\u00eates<br \/>\nau long cours rythment ce rendez-vous tr\u00e8s suivi. Ce 16 ao\u00fbt, un<br \/>\nnouveau num\u00e9ro est annonc\u00e9 sur la cha\u00eene, avec en point d\u2019orgue le<br \/>\n<strong>portrait de la semaine<\/strong> d\u2019Audrey Crespo-Mara.<\/p>\n<p>Derri\u00e8re ce face-\u00e0-face d\u00e9sormais culte, la journaliste Audrey<br \/>\nCrespo-Mara, <a href=\"https:\/\/www.telestar.fr\/actu_tv\/audrey-crespo-mara-remplacante-danne-claire-coudray-sur-tf1-pourquoi-elle-refuse-de-prendre-sa-place-au-20h-1762181\" rel=\"nofollow noopener\" target=\"_blank\"><br \/>\n\u00e9galement joker d\u2019Anne-Claire Coudray aux JT<\/a> de 13h et de 20h<br \/>\nle week-end, a su imposer sa patte. Le 19 juillet 2026, son 20h a<br \/>\nainsi rassembl\u00e9 environ 5,5 millions de fid\u00e8les, loin devant<br \/>\nLaurent Delahousse sur France 2. Reste une question que beaucoup se<br \/>\nposent avant ce dimanche 16 ao\u00fbt : Sept \u00e0 Huit (TF1) : qui est<br \/>\nl\u2019invit\u00e9 du portrait d\u2019Audrey Crespo-Mara ce 16 ao\u00fbt ?<\/p>\n<p>Audrey Crespo-Mara entretient le suspense autour de son invit\u00e9<br \/>\ndu 16 ao\u00fbt<\/p>\n<p>\u00c0 ce stade, TF1 n\u2019a pas encore d\u00e9voil\u00e9 l\u2019identit\u00e9 de la<br \/>\npersonnalit\u00e9 qui s\u2019installera face \u00e0 <strong>Audrey<br \/>\nCrespo-Mara<\/strong> pour le portrait de la semaine du 16 ao\u00fbt. Les<br \/>\npr\u00e9c\u00e9dents num\u00e9ros laissent penser que la cha\u00eene officialise ce nom<br \/>\npeu de temps avant la diffusion. De quoi attiser la curiosit\u00e9 du<br \/>\npublic, habitu\u00e9 \u00e0 voir d\u00e9filer aussi bien des stars incontournables<br \/>\nque des anonymes bouleversants.<\/p>\n<p>Parmi les r\u00e9cents invit\u00e9s, <strong>Audrey Crespo-Mara<\/strong> a<br \/>\nnotamment re\u00e7u le chanteur Pascal Obispo en mai 2026, puis<br \/>\nl\u2019actrice Audrey Fleurot le 14 juin 2026. Le 28 juin 2026, elle<br \/>\nconsacrait <a href=\"https:\/\/www.telestar.fr\/actu_tv\/sept-a-huit-pourquoi-audrey-crespo-mara-laisse-sa-place-a-helene-mannarino-face-a-tony-parker-ce-28-juin-1770601\" rel=\"nofollow noopener\" target=\"_blank\"><br \/>\nson portrait au basketteur Tony Parker<\/a>. Enfin, H\u00e9l\u00e8ne<br \/>\nMercier-Arnault se livrait le 22 f\u00e9vrier 2026.<\/p>\n<p>Sept \u00e0 Huit sur TF1, le rendez-vous dominical des<br \/>\nconfessions<\/p>\n<p>Diffus\u00e9 le dimanche en fin d\u2019apr\u00e8s-midi depuis 2000, le magazine<br \/>\nd\u2019information Sept \u00e0 Huit alterne grands reportages<br \/>\ninternationaux, enqu\u00eates de soci\u00e9t\u00e9 et t\u00e9moignages forts. Pr\u00e9sent\u00e9<br \/>\npar <strong>Harry Roselmack<\/strong>, il propose plusieurs sujets<br \/>\navant de s\u2019achever sur le portrait de la semaine, s\u00e9quence<br \/>\nd\u00e9sormais embl\u00e9matique qui offre un t\u00eate-\u00e0-t\u00eate approfondi avec une<br \/>\npersonnalit\u00e9.<\/p>\n<p>Le 16 ao\u00fbt, ce num\u00e9ro de Sept \u00e0 Huit devrait \u00eatre<br \/>\nprogramm\u00e9 entre 18h et 20h sur TF1, avec le portrait diffus\u00e9 dans<br \/>\nla derni\u00e8re partie de l\u2019\u00e9mission, vers 19h30. Les t\u00e9l\u00e9spectateurs<br \/>\nabsents devant leur \u00e9cran pourront ensuite revoir le magazine et le<br \/>\nportrait de la semaine <a href=\"https:\/\/www.tf1.fr\/tf1\/sept-a-huit\" target=\"_blank\" rel=\"nofollow noopener\">en streaming sur la<br \/>\nplateforme TF1+<\/a>.<\/p>\n<p>Audrey Crespo-Mara, nouvelle reine des<br \/>\nportraits sur TF1<\/p>\n<p>Venue de LCI, Audrey Crespo-Mara est devenue le joker<br \/>\nd\u2019Anne-Claire Coudray aux JT de 13h et de 20h de TF1 le week-end.<br \/>\nEn 2020, elle a repris le portrait de la semaine, succ\u00e9dant \u00e0<br \/>\nThierry Demaizi\u00e8re puis \u00e0 St\u00e9phanie Davoigneau, avec un style<br \/>\nd\u2019entretien direct mais toujours bienveillant.<\/p>\n<p>Le 19 juillet 2026, son 20h a r\u00e9uni environ 5,5 millions de<br \/>\nt\u00e9l\u00e9spectateurs, soit 35,4 % de part d\u2019audience, quand Laurent<br \/>\nDelahousse en rassemblait 3,79 millions sur France 2. Avec ces<br \/>\nscores et les confidences d\u00e9j\u00e0 obtenues de Tony Parker, Pascal<br \/>\nObispo, Audrey Fleurot ou H\u00e9l\u00e8ne Mercier-Arnault, la journaliste<br \/>\naborde le portrait du 16 ao\u00fbt comme une figure d\u00e9sormais bien<br \/>\nidentifi\u00e9e sur TF1.<\/p>\n","protected":false},"excerpt":{"rendered":"Audrey Crespo-Mara anime le portrait de la semaine de Sept \u00e0 Huit le 16 ao\u00fbt 2026 sur TF1,&hellip;\n","protected":false},"author":2,"featured_media":1130047,"comment_status":"","ping_status":"","sticky":false,"template":"","format":"standard","meta":{"footnotes":"","_share_on_mastodon":"0"},"categories":[1356],"tags":[58,59,1011,27,502,17978,252,65861,1364],"class_list":["post-1130046","post","type-post","status-publish","format-standard","has-post-thumbnail","category-television","tag-divertissement","tag-entertainment","tag-fr","tag-france","tag-programme-tv","tag-sept-a-huit","tag-television","tag-trend","tag-tv"],"share_on_mastodon":{"url":"","error":""},"_links":{"self":[{"href":"https:\/\/www.europesays.com\/fr\/wp-json\/wp\/v2\/posts\/1130046","targetHints":{"allow":["GET"]}}],"collection":[{"href":"https:\/\/www.europesays.com\/fr\/wp-json\/wp\/v2\/posts"}],"about":[{"href":"https:\/\/www.europesays.com\/fr\/wp-json\/wp\/v2\/types\/post"}],"author":[{"embeddable":true,"href":"https:\/\/www.europesays.com\/fr\/wp-json\/wp\/v2\/users\/2"}],"replies":[{"embeddable":true,"href":"https:\/\/www.europesays.com\/fr\/wp-json\/wp\/v2\/comments?post=1130046"}],"version-history":[{"count":0,"href":"https:\/\/www.europesays.com\/fr\/wp-json\/wp\/v2\/posts\/1130046\/revisions"}],"wp:featuredmedia":[{"embeddable":true,"href":"https:\/\/www.europesays.com\/fr\/wp-json\/wp\/v2\/media\/1130047"}],"wp:attachment":[{"href":"https:\/\/www.europesays.com\/fr\/wp-json\/wp\/v2\/media?parent=1130046"}],"wp:term":[{"taxonomy":"category","embeddable":true,"href":"https:\/\/www.europesays.com\/fr\/wp-json\/wp\/v2\/categories?post=1130046"},{"taxonomy":"post_tag","embeddable":true,"href":"https:\/\/www.europesays.com\/fr\/wp-json\/wp\/v2\/tags?post=1130046"}],"curies":[{"name":"wp","href":"https:\/\/api.w.org\/{rel}","templated":true}]}}