{"id":113008,"date":"2025-05-20T00:05:10","date_gmt":"2025-05-20T00:05:10","guid":{"rendered":"https:\/\/www.europesays.com\/fr\/113008\/"},"modified":"2025-05-20T00:05:10","modified_gmt":"2025-05-20T00:05:10","slug":"lyon-victime-de-lamateurisme-ecolo-le-lafayette-sera-t-il-indemnise","status":"publish","type":"post","link":"https:\/\/www.europesays.com\/fr\/113008\/","title":{"rendered":"Lyon. Victime de l\u2019amateurisme \u00e9colo, Le Lafayette sera-t-il indemnis\u00e9 ? &#8211;"},"content":{"rendered":"<p>\t\t\t\t<img loading=\"lazy\" decoding=\"async\" width=\"900\" height=\"675\" src=\"https:\/\/www.europesays.com\/fr\/wp-content\/uploads\/2025\/05\/Le-Lafayette-lyon-Yves-Cardone.jpg\" alt=\"\" title=\"Le Lafayette lyon Yves Cardone\"   class=\"wp-image-159511\"\/><\/p>\n<p>Yves Cardonne en plein montage ce vendredi matin \u2013 Photo Lyon People <\/p>\n<p><strong>Texte\u00a0: Marco Polisson avec Morgan Couturier \u2013<\/strong> Sa m\u00e9saventure avait atterr\u00e9 des milliers de lecteurs de Lyon People. Le patron du Lafayette va demander r\u00e9paration \u00e0 la Ville de Lyon.<\/p>\n<p>S\u00e9quence flashback pour ceux qui ont rat\u00e9 le premier \u00e9pisode. Pris dans les travaux men\u00e9s par la municipalit\u00e9, l<a href=\"https:\/\/www.lyonpeople.com\/actualites-lyon\/lyon-le-lafayette-prive-de-terrasse-par-la-mairie-2025-04-10.html\" target=\"_blank\" rel=\"noopener\"><strong>e bistrot Le Lafayette a \u00e9t\u00e9 priv\u00e9 de terrasse<\/strong><\/a> pendant deux mois. En cause, la r\u00e9fection du r\u00e9seau \u00e9lectrique souhait\u00e9e par la Ville dans le cadre de la future pi\u00e9tonisation de la presqu\u2019ile.<\/p>\n<p><strong>Une s\u00e9quence d\u2019\u00e9cologie amateure de haut vol<\/strong><\/p>\n<p>Alors que les ouvrages devaient finir en f\u00e9vrier 2025, la situation s\u2019est \u00e9ternis\u00e9e rue Ferrandi\u00e8re. Ce ne devait \u00eatre qu\u2019un mauvais moment \u00e0 passer pour <strong>Yves Cardone<\/strong> et son \u00e9quipe. Mais non. Pendant pr\u00e8s de deux mois, le chantier s\u2019est arr\u00eat\u00e9, mais face au chaos, impossible pour <a href=\"https:\/\/www.lyonpeople.com\/bar-restaurants\/le-lafayette-dans-le-top-50-des-meilleurs-bouchons-lyonnais-2024-04-16.html\" target=\"_blank\" rel=\"noopener\"><strong>Le Lafayette<\/strong><\/a> de monter sa terrasse de 38 couverts.<\/p>\n<p><img loading=\"lazy\" decoding=\"async\" aria-describedby=\"caption-attachment-159512\" class=\"lazy lazy-hidden size-full wp-image-159512\" data-lazy-type=\"image\" src=\"https:\/\/www.europesays.com\/fr\/wp-content\/uploads\/2025\/05\/Le-Lafayette-terrasse.jpg\" alt=\"\" width=\"900\" height=\"682\"  \/><\/p>\n<p id=\"caption-attachment-159512\" class=\"wp-caption-text\">Le chantier est rest\u00e9 \u00e0 l\u2019arr\u00eat pendant deux mois. Deux mois de chiffre d\u2019affaires perdu pour Yves Cardone<\/p>\n<p>Comment en est-on arriv\u00e9 l\u00e0\u00a0? Restez bien assis, vous n\u2019allez pas le croire\u00a0: \u00ab\u00a0Au bout d\u2019un mois, ils se sont rendu compte qu\u2019ils avaient creus\u00e9 du mauvais c\u00f4t\u00e9 de la rue\u00a0\u00bb, r\u00e9v\u00e8le, en riant nerveusement ce bon vivant, surnomm\u00e9 \u00ab\u00a0La Yvette\u00a0\u00bb par ses habitu\u00e9s. Impuissant et d\u00e9contenanc\u00e9, ce dernier a bien tent\u00e9 de joindre la mairie de Lyon. Et l\u00e0 encore, \u00e7a a vir\u00e9 au quiproquo.<\/p>\n<p>\u00ab\u00a0Ils m\u2019ont dit\u00a0: on va vous offrir la terrasse et un mange debout\u00a0\u00bb, raconte-t-il. Probl\u00e8me, ces mange-debout ont, depuis, \u00e9t\u00e9 interdits par la mairie. On en rirait si les effets \u00e9conomiques de cet amateurisme manifeste n\u2019\u00e9taient pas aussi importants. D\u2019autant que les indemnit\u00e9s lui ont \u00e9t\u00e9 refus\u00e9es.<\/p>\n<p><strong>Un quart de son chiffre d\u2019affaires perdu <\/strong><\/p>\n<p>Mais Yves Cardone n\u2019est pas du genre \u00e0 se laisser couler. Face \u00e0 l\u2019ampleur de l\u2019incident, les \u00e9cologistes, une nouvelle fois discr\u00e9dit\u00e9s, ont \u00e9t\u00e9 contraints de r\u00e9parer leur b\u00e9vue dans la pr\u00e9cipitation. Les trous ont \u00e9t\u00e9 rebouch\u00e9s et la chauss\u00e9e r\u00e9par\u00e9e \u00e0 l\u2019arrache, mais l\u2019essentiel est l\u00e0 : Yves a pu dresser sa terrasse vendredi dernier.<\/p>\n<p>Son appel \u00e0 l\u2019aide, relay\u00e9 sur notre antenne, a \u00e9t\u00e9 entendu par ses plus fid\u00e8les clients qui l\u2019ont soutenu durant ces deux mois de stress durant lesquels les frais fixes, les factures fournisseurs et les charges URSSAF ont continu\u00e9 de galoper alors que ses recettes \u00e9taient en berne.<\/p>\n<p>Mais le mal est fait, le restaurateur a fait ses comptes : sur les deux derniers mois, il a perdu 25% de son chiffre d\u2019affaires. \u00ab \u00c7a me d\u00e9goute, alors que je suis en progression chaque ann\u00e9e depuis plus de 20 ans \u00bb nous d\u00e9voile-t-il. \u00c9paul\u00e9 par son avocat, Yves Cardonne doit d\u00e9sormais s\u2019atteler \u00e0 monter une demande d\u2019indemnisation.<\/p>\n<p>Un dossier extr\u00eamement compliqu\u00e9 \u00e0 r\u00e9diger dont nous vous donnerons des nouvelles ici-m\u00eame.<\/p>\n","protected":false},"excerpt":{"rendered":"Yves Cardonne en plein montage ce vendredi matin \u2013 Photo Lyon People Texte\u00a0: Marco Polisson avec Morgan Couturier&hellip;\n","protected":false},"author":2,"featured_media":113009,"comment_status":"","ping_status":"","sticky":false,"template":"","format":"standard","meta":{"footnotes":""},"categories":[1889],"tags":[4257,1111,11,2430,1777,674,1011,27,6274,2428,12,25],"class_list":{"0":"post-113008","1":"post","2":"type-post","3":"status-publish","4":"format-standard","5":"has-post-thumbnail","7":"category-lyon","8":"tag-0top","9":"tag-actu","10":"tag-actualites","11":"tag-auvergne-rhone-alpes","12":"tag-eu","13":"tag-europe","14":"tag-fr","15":"tag-france","16":"tag-le-lafayette","17":"tag-lyon","18":"tag-news","19":"tag-republique-francaise"},"share_on_mastodon":{"url":"https:\/\/pubeurope.com\/@fr\/114537242574147486","error":""},"_links":{"self":[{"href":"https:\/\/www.europesays.com\/fr\/wp-json\/wp\/v2\/posts\/113008","targetHints":{"allow":["GET"]}}],"collection":[{"href":"https:\/\/www.europesays.com\/fr\/wp-json\/wp\/v2\/posts"}],"about":[{"href":"https:\/\/www.europesays.com\/fr\/wp-json\/wp\/v2\/types\/post"}],"author":[{"embeddable":true,"href":"https:\/\/www.europesays.com\/fr\/wp-json\/wp\/v2\/users\/2"}],"replies":[{"embeddable":true,"href":"https:\/\/www.europesays.com\/fr\/wp-json\/wp\/v2\/comments?post=113008"}],"version-history":[{"count":0,"href":"https:\/\/www.europesays.com\/fr\/wp-json\/wp\/v2\/posts\/113008\/revisions"}],"wp:featuredmedia":[{"embeddable":true,"href":"https:\/\/www.europesays.com\/fr\/wp-json\/wp\/v2\/media\/113009"}],"wp:attachment":[{"href":"https:\/\/www.europesays.com\/fr\/wp-json\/wp\/v2\/media?parent=113008"}],"wp:term":[{"taxonomy":"category","embeddable":true,"href":"https:\/\/www.europesays.com\/fr\/wp-json\/wp\/v2\/categories?post=113008"},{"taxonomy":"post_tag","embeddable":true,"href":"https:\/\/www.europesays.com\/fr\/wp-json\/wp\/v2\/tags?post=113008"}],"curies":[{"name":"wp","href":"https:\/\/api.w.org\/{rel}","templated":true}]}}