{"id":1130122,"date":"2026-08-16T08:41:20","date_gmt":"2026-08-16T08:41:20","guid":{"rendered":"https:\/\/www.europesays.com\/fr\/1130122\/"},"modified":"2026-08-16T08:41:20","modified_gmt":"2026-08-16T08:41:20","slug":"legislatives-en-russie-apres-le-bannissement-du-parti-iabloko-les-russes-voteront-sans-aucune-liste-opposee-a-la-guerre","status":"publish","type":"post","link":"https:\/\/www.europesays.com\/fr\/1130122\/","title":{"rendered":"L\u00e9gislatives en Russie : apr\u00e8s le bannissement du parti Iabloko, les Russes voteront sans aucune liste oppos\u00e9e \u00e0 la guerre"},"content":{"rendered":"<p>\u00c0 un mois des \u00e9lections \u00e0 la Douma, la justice russe a exclu Iabloko, seul parti \u00e0 r\u00e9clamer l\u2019arr\u00eat de la guerre en Ukraine. Les opposants sont partag\u00e9s sur la m\u00e9thode pour r\u00e9ussir \u00e0 faire malgr\u00e9 tout barrage au parti de Poutine, Russie unie.<\/p>\n<p>Pendant quelques heures, mardi 11 ao\u00fbt, l\u2019opposition russe a cru \u00e0 une anomalie dans un syst\u00e8me verrouill\u00e9 : Iabloko, unique formation autoris\u00e9e par le pouvoir \u00e0 r\u00e9clamer des n\u00e9gociations et arr\u00eat de la <a href=\"https:\/\/www.google.com\/url?client=internal-element-cse&amp;cx=7224492ce357c42ad&amp;q=https:\/\/www.latribune.fr\/article\/la-tribune-dimanche\/dans-le-monde\/17109688964844\/comment-lukraine-reprend-la-main-sur-la-guerre-face-a-la-russie&amp;sa=U&amp;ved=2ahUKEwiNmsPhzqKWAxV12gIHHXbzFfgQFnoECAoQAg&amp;usg=AOvVaw3wUddNEn7pR4EfxDGMsGVS&amp;fexp=121847799,121575042,121903738,121575040,121903739\" target=\"_self\" rel=\"nofollow noopener\">guerre en Ukraine<\/a>, venait d\u2019\u00eatre enregistr\u00e9e en vue des \u00e9lections l\u00e9gislatives de septembre. Le parti avait obtenu le num\u00e9ro 2 sur les bulletins, derri\u00e8re Russie unie, le parti de <a href=\"https:\/\/www.google.com\/url?client=internal-element-cse&amp;cx=7224492ce357c42ad&amp;q=https:\/\/www.latribune.fr\/article\/economie\/international\/10923331848426\/au-forum-economique-de-russie-poutine-repousse-la-proposition-de-rencontre-de-zelensky&amp;sa=U&amp;ved=2ahUKEwjHj5XuzqKWAxVIRKQEHcFeCgQQFnoECAkQAg&amp;usg=AOvVaw09LAVjDMIQgKEKA-H0ppAk&amp;fexp=121847799,121575042,121903738,121575040,121903739\" target=\"_self\" rel=\"nofollow noopener\">Vladimir Poutine<\/a>.<\/p>\n<p>Son pr\u00e9sident, Nikola\u00ef Rybakov, exultait : \u00ab Le vrai choix pour notre pays est entre Russie unie et nous. [\u2026] Nos citoyens pourront voter pour la paix et la libert\u00e9. \u00bb Mais quelques heures plus tard, la Cour supr\u00eame l\u2019excluait du scrutin apr\u00e8s une plainte de Rodina (Patrie), parti nationaliste pro-Poutine.<\/p>\n<p><a target=\"_self\" href=\"https:\/\/www.latribune.fr\/article\/la-tribune-dimanche\/dans-le-monde\/14029335694922\/russie-trois-morts-dans-une-explosion-a-moscou-la-piste-dune-attaque-ciblee\" rel=\"nofollow noopener\"><\/p>\n<p class=\"text-[12px] mb-[12px] font-bold ltd:leading-[16px]\">A LIRE AUSSI<\/p>\n<p class=\"text-[20px] ac:text-[18px] leading-[120%] ac:leading-[130%] text-lt-primary-dark ac:text-ac-primary font-slab font-bold ltd:font-semibold ltd:tracking-[-0.4px] ac:font-ac-slab ltd:font-ltd-slab\">Russie : trois morts dans une explosion \u00e0 Moscou, la piste d&rsquo;une attaque cibl\u00e9e<\/p>\n<p><\/a><\/p>\n<p>Les Russes voteront donc du 18 au 20 septembre sans aucune liste oppos\u00e9e \u00e0 la guerre. Iabloko connaissait pourtant un regain d\u2019int\u00e9r\u00eat : +90 % sur Google Trends, un vaste soutien sur les r\u00e9seaux sociaux, et l\u2019appui des principales figures de l\u2019opposition. Apr\u00e8s son exclusion, des centaines de jeunes ont cri\u00e9 \u00ab Honte ! \u00bb devant la Cour supr\u00eame, avant d\u2019\u00eatre dispers\u00e9s par la police.<\/p>\n<p>Motif officiel : financements irr\u00e9guliers, droits d\u2019auteur et soutiens \u00e9trangers non d\u00e9clar\u00e9s. Mais l\u2019essor de sa campagne anti-guerre risquait d\u2019offrir un d\u00e9bouch\u00e9 au m\u00e9contentement. Tous les autres partis autoris\u00e9s soutiennent l\u2019invasion. Sergue\u00ef Mironov, patron de Russie juste, avait m\u00eame r\u00e9clam\u00e9 face cam\u00e9ra l\u2019exclusion d\u2019Iabloko.<\/p>\n<p>Selon la Fondation anticorruption (FBK), seuls 16 % des \u00e9lecteurs veulent voter pour le parti du pouvoir.<\/p>\n","protected":false},"excerpt":{"rendered":"\u00c0 un mois des \u00e9lections \u00e0 la Douma, la justice russe a exclu Iabloko, seul parti \u00e0 r\u00e9clamer&hellip;\n","protected":false},"author":2,"featured_media":1130123,"comment_status":"","ping_status":"","sticky":false,"template":"","format":"standard","meta":{"footnotes":"","_share_on_mastodon":"0"},"categories":[1591],"tags":[5734,11,1887,3102,115945,115946,12,1885,1886,132],"class_list":["post-1130122","post","type-post","status-publish","format-standard","has-post-thumbnail","category-russie","tag-5734","tag-actualites","tag-federation-de-russie","tag-la-tribune-dimanche","tag-legislatives-en-russie-apres-le-bannissement-du-parti-iabloko","tag-les-russes-voteront-sans-aucune-liste-opposee-a-la-guerre","tag-news","tag-russia","tag-russian-federation","tag-russie"],"share_on_mastodon":{"url":"https:\/\/pubeurope.com\/@fr\/117104298352036618","error":""},"_links":{"self":[{"href":"https:\/\/www.europesays.com\/fr\/wp-json\/wp\/v2\/posts\/1130122","targetHints":{"allow":["GET"]}}],"collection":[{"href":"https:\/\/www.europesays.com\/fr\/wp-json\/wp\/v2\/posts"}],"about":[{"href":"https:\/\/www.europesays.com\/fr\/wp-json\/wp\/v2\/types\/post"}],"author":[{"embeddable":true,"href":"https:\/\/www.europesays.com\/fr\/wp-json\/wp\/v2\/users\/2"}],"replies":[{"embeddable":true,"href":"https:\/\/www.europesays.com\/fr\/wp-json\/wp\/v2\/comments?post=1130122"}],"version-history":[{"count":0,"href":"https:\/\/www.europesays.com\/fr\/wp-json\/wp\/v2\/posts\/1130122\/revisions"}],"wp:featuredmedia":[{"embeddable":true,"href":"https:\/\/www.europesays.com\/fr\/wp-json\/wp\/v2\/media\/1130123"}],"wp:attachment":[{"href":"https:\/\/www.europesays.com\/fr\/wp-json\/wp\/v2\/media?parent=1130122"}],"wp:term":[{"taxonomy":"category","embeddable":true,"href":"https:\/\/www.europesays.com\/fr\/wp-json\/wp\/v2\/categories?post=1130122"},{"taxonomy":"post_tag","embeddable":true,"href":"https:\/\/www.europesays.com\/fr\/wp-json\/wp\/v2\/tags?post=1130122"}],"curies":[{"name":"wp","href":"https:\/\/api.w.org\/{rel}","templated":true}]}}