{"id":1130177,"date":"2026-08-16T09:22:17","date_gmt":"2026-08-16T09:22:17","guid":{"rendered":"https:\/\/www.europesays.com\/fr\/1130177\/"},"modified":"2026-08-16T09:22:17","modified_gmt":"2026-08-16T09:22:17","slug":"meteo-la-meteo-du-dimanche-16-aout-2026-a-vandoeuvre-les-nancy-et-ses-environs","status":"publish","type":"post","link":"https:\/\/www.europesays.com\/fr\/1130177\/","title":{"rendered":"M\u00e9t\u00e9o. La m\u00e9t\u00e9o du dimanche 16 ao\u00fbt 2026 \u00e0 Vand\u0153uvre-l\u00e8s-Nancy et ses environs"},"content":{"rendered":"<p data-ofstats-scroll=\"read_depth_20\">La matin\u00e9e se d\u00e9roulera sous un voile de nuages \u00e9lev\u00e9s persistant, tandis que l\u2019atmosph\u00e8re deviendra peu \u00e0 peu moins humide. Les temp\u00e9ratures resteront stables autour de 26 \u00e0 28 \u00b0C, gagnant en douceur vers la fin de la matin\u00e9e. Le vent se renforcera de 10 \u00e0 15 km\/h, avec des rafales pouvant atteindre 30 \u00e0 35 km\/h, tournant du Sud-Sud-Ouest puis de l\u2019Ouest-Sud-Ouest pour s\u2019orienter enfin \u00e0 l\u2019Ouest. Le ciel gardera alors un aspect uniforme.<\/p>\n<p data-ofstats-scroll=\"read_depth_30\">Au cours de l\u2019apr\u00e8s-midi, dans le prolongement de la matin\u00e9e, le ciel passera d\u2019un voile de nuages \u00e9lev\u00e9s \u00e0 un aspect nuageux, puis \u00e0 un ciel couvert avant de redevenir tr\u00e8s nuageux en fin de p\u00e9riode. Les temp\u00e9ratures grimperont de 30 \u00b0C \u00e0 33 \u00b0C, se maintenant ensuite \u00e0 ce niveau. Le vent, d\u2019abord orient\u00e9 Ouest-Nord-Ouest puis Ouest, se renforcera de 10 \u00e0 20 km\/h, avec des rafales atteignant 40 km\/h, tandis que l\u2019humidit\u00e9 augmentera nettement vers la fin de l\u2019apr\u00e8s-midi.<\/p>\n<p data-ofstats-scroll=\"read_depth_50\">Au cours de la soir\u00e9e du dimanche 16 ao\u00fbt 2026, dans la continuit\u00e9 de l\u2019apr\u00e8s-midi, les temp\u00e9ratures reculeront de 29 \u00b0C en d\u00e9but de soir\u00e9e \u00e0 26 \u00b0C pour le reste de la nuit. Apr\u00e8s un ciel nuageux, une pluie faible se produira bri\u00e8vement avant un retour \u00e0 un ciel clair, puis \u00e0 un voile nuageux et enfin \u00e0 un ciel couvert. Le vent passera du Sud au Sud-Sud-Ouest, puis \u00e0 l\u2019Ouest-Sud-Ouest et Nord-Nord-Ouest, variant entre 10 et 25 km\/h, avec des rafales pouvant atteindre 50 km\/h. L\u2019humidit\u00e9 restera mod\u00e9r\u00e9e.<\/p>\n<p data-ofstats-scroll=\"read_depth_70\">Au cours de la nuit, dans le prolongement de la soir\u00e9e, la temp\u00e9rature reculera de 26 \u00b0C \u00e0 minuit \u00e0 22 \u00b0C \u00e0 l\u2019aube. Le vent restera faible \u00e0 mod\u00e9r\u00e9, oscillant entre 5 et 10 km\/h, avec des rafales atteignant 25 km\/h en d\u00e9but de nuit, puis se stabilisant autour de 10 \u00e0 15 km\/h. Son orientation \u00e9voluera du Nord vers le Nord-Nord-Ouest, puis le Nord-Ouest et enfin l\u2019Ouest-Nord-Ouest. Le ciel alternera entre voile de nuages \u00e9lev\u00e9s, ciel clair, passages peu nuageux et phases couvertes, tandis que l\u2019humidit\u00e9 augmentera.<\/p>\n<p data-ofstats-scroll=\"read_depth_90\">Demain, lundi, dans la suite de cette nuit, la temp\u00e9rature restera stable en d\u00e9but de matin\u00e9e autour de 21 \u00b0C, avant de progresser pour atteindre 26 \u00b0C en fin d\u2019apr\u00e8s-midi. Le ciel, d\u2019abord voil\u00e9 par des nuages \u00e9lev\u00e9s, deviendra couvert, puis tr\u00e8s nuageux vers le milieu de journ\u00e9e, avant de se recharger de nouveau. Le vent soufflera faiblement, d\u2019abord d\u2019Ouest-Nord-Ouest, puis de Nord-Ouest, Nord-Nord-Ouest et enfin de Nord, \u00e0 5 km\/h, avec des rafales allant de 10 \u00e0 20 km\/h, sous une humidit\u00e9 en hausse.<\/p>\n<p data-ofstats-scroll=\"read_depth_90\"><a href=\"https:\/\/www.ouest-france.fr\/meteo\/grand-est\/vandoeuvre-les-nancy-54500\/\" rel=\"nofollow noopener\" target=\"_blank\">Suivez la m\u00e9t\u00e9o de votre commune en temps r\u00e9el<\/a><\/p>\n<p data-ofstats-scroll=\"read_depth_100\">Ouest-France vous donne \u00e9galement la possibilit\u00e9 de conna\u00eetre la m\u00e9t\u00e9o de votre commune, heure par heure, sur notre page m\u00e9t\u00e9o d\u00e9di\u00e9e<\/p>\n","protected":false},"excerpt":{"rendered":"La matin\u00e9e se d\u00e9roulera sous un voile de nuages \u00e9lev\u00e9s persistant, tandis que l\u2019atmosph\u00e8re deviendra peu \u00e0 peu&hellip;\n","protected":false},"author":2,"featured_media":1098312,"comment_status":"","ping_status":"","sticky":false,"template":"","format":"standard","meta":{"footnotes":"","_share_on_mastodon":"0"},"categories":[9635],"tags":[1111,11,11734,1777,674,1011,27,775,1702,9847,12,25,24495,5711],"class_list":["post-1130177","post","type-post","status-publish","format-standard","has-post-thumbnail","category-nancy","tag-actu","tag-actualites","tag-bois-de-haye","tag-eu","tag-europe","tag-fr","tag-france","tag-grand-est","tag-nancy","tag-neuves-maisons","tag-news","tag-republique-francaise","tag-richardmenil","tag-vandoeuvre-les-nancy"],"share_on_mastodon":{"url":"https:\/\/pubeurope.com\/@fr\/117104459507567103","error":""},"_links":{"self":[{"href":"https:\/\/www.europesays.com\/fr\/wp-json\/wp\/v2\/posts\/1130177","targetHints":{"allow":["GET"]}}],"collection":[{"href":"https:\/\/www.europesays.com\/fr\/wp-json\/wp\/v2\/posts"}],"about":[{"href":"https:\/\/www.europesays.com\/fr\/wp-json\/wp\/v2\/types\/post"}],"author":[{"embeddable":true,"href":"https:\/\/www.europesays.com\/fr\/wp-json\/wp\/v2\/users\/2"}],"replies":[{"embeddable":true,"href":"https:\/\/www.europesays.com\/fr\/wp-json\/wp\/v2\/comments?post=1130177"}],"version-history":[{"count":0,"href":"https:\/\/www.europesays.com\/fr\/wp-json\/wp\/v2\/posts\/1130177\/revisions"}],"wp:featuredmedia":[{"embeddable":true,"href":"https:\/\/www.europesays.com\/fr\/wp-json\/wp\/v2\/media\/1098312"}],"wp:attachment":[{"href":"https:\/\/www.europesays.com\/fr\/wp-json\/wp\/v2\/media?parent=1130177"}],"wp:term":[{"taxonomy":"category","embeddable":true,"href":"https:\/\/www.europesays.com\/fr\/wp-json\/wp\/v2\/categories?post=1130177"},{"taxonomy":"post_tag","embeddable":true,"href":"https:\/\/www.europesays.com\/fr\/wp-json\/wp\/v2\/tags?post=1130177"}],"curies":[{"name":"wp","href":"https:\/\/api.w.org\/{rel}","templated":true}]}}