{"id":113018,"date":"2025-05-20T00:14:14","date_gmt":"2025-05-20T00:14:14","guid":{"rendered":"https:\/\/www.europesays.com\/fr\/113018\/"},"modified":"2025-05-20T00:14:14","modified_gmt":"2025-05-20T00:14:14","slug":"maisons-alfort-un-enfant-de-9-ans-exhibe-un-couteau-dans-la-cour-de-recreation","status":"publish","type":"post","link":"https:\/\/www.europesays.com\/fr\/113018\/","title":{"rendered":"Maisons-Alfort\u00a0: un enfant de 9 ans exhibe un couteau dans la cour de r\u00e9cr\u00e9ation"},"content":{"rendered":"<p class=\"paragraph text_align_left\">Cela ressemble plus \u00e0 une b\u00eatise de gamin qu\u2019\u00e0 une volont\u00e9 d\u00e9lib\u00e9r\u00e9e de nuire. Mais elle a provoqu\u00e9 une vive \u00e9motion dans l\u2019\u00e9tablissement scolaire. Vendredi, en d\u00e9but de matin\u00e9e dans la cour de l\u2019\u00e9cole \u00e9l\u00e9mentaire Charles-P\u00e9guy, \u00e0 <a href=\"https:\/\/www.leparisien.fr\/val-de-marne-94\/maisons-alfort-94700\/\" target=\"_self\" rel=\"noopener\">Maisons-Alfort,<\/a> un professeur a r\u00e9cup\u00e9r\u00e9 un couteau, au fond du sac de l\u2019\u00e9l\u00e8ve ou au fond d\u2019une poubelle, selon les versions.<\/p>\n<p class=\"paragraph text_align_left\">L\u2019\u00e9l\u00e8ve a tr\u00e8s vite d\u00fb s\u2019expliquer dans le bureau de la directrice en attendant ses parents qui ont \u00e9t\u00e9 convoqu\u00e9s devant le r\u00e9f\u00e9rent police de l\u2019\u00e9tablissement.<\/p>\n<p class=\"paragraph text_align_left\">\u00ab Mon petit-fils m\u2019en a parl\u00e9, t\u00e9moigne une grand-m\u00e8re devant l\u2019\u00e9cole, lundi, dans ce quartier plut\u00f4t tranquille de Maisons-Alfort. Il jouait avec des copains quand le gar\u00e7on s\u2019est amus\u00e9 \u00e0 sortir le couteau. \u00bb<\/p>\n<p class=\"paragraph text_align_left\">Aux alentours de 9h20, les enfants courent, rigolent et jouent. L\u00e0, il aurait exhib\u00e9 l\u2019arme. Il cherchait peut-\u00eatre \u00e0 les impressionner et \u00e0 passer pour un grand. \u00ab Plusieurs enfants lui ont rappel\u00e9 qu\u2019il n\u2019avait pas le droit d\u2019avoir cette arme \u00bb, assure une m\u00e8re d\u2019\u00e9l\u00e8ve. \u00ab Il aurait alors jet\u00e9 le couteau dans une poubelle, raconte la grand-m\u00e8re. Un professeur, rapidement inform\u00e9, l\u2019aurait alors r\u00e9cup\u00e9r\u00e9. \u00bb<\/p>\n<p>\u00ab Il n\u2019y a pas eu de mise en danger \u00bb<\/p>\n<p class=\"paragraph text_align_left\">Selon une autre version, le couteau aurait \u00e9t\u00e9 \u00e0 peine sorti du cartable avant d\u2019y retourner d\u00e8s les premi\u00e8res remarques des copains dans la cour. Dans tous les cas, \u00e0 aucun moment, l\u2019enfant n\u2019a menac\u00e9 ou a fait mine de faire peur. \u00ab Si cela avait \u00e9t\u00e9 le cas, les parents auraient \u00e9t\u00e9 inform\u00e9s. Il n\u2019y a pas eu de mise en danger de qui que ce soit \u00bb, pr\u00e9cise un proche de l\u2019affaire.<\/p>\n<p class=\"paragraph text_align_left\">En tout cas, devant l\u2019\u00e9cole, des parents se montraient pr\u00e9occup\u00e9s. \u00ab C\u2019est assez effrayant \u00bb, glisse une m\u00e8re. \u00ab C\u2019est quand m\u00eame le r\u00f4le des parents de v\u00e9rifier ce qui se trouve dans le cartable \u00bb, rappelle la grand-m\u00e8re. En tout cas, c\u2019est ce que fait mon fils ! \u00bb<\/p>\n","protected":false},"excerpt":{"rendered":"Cela ressemble plus \u00e0 une b\u00eatise de gamin qu\u2019\u00e0 une volont\u00e9 d\u00e9lib\u00e9r\u00e9e de nuire. Mais elle a provoqu\u00e9&hellip;\n","protected":false},"author":2,"featured_media":113019,"comment_status":"","ping_status":"","sticky":false,"template":"","format":"standard","meta":{"footnotes":""},"categories":[1888],"tags":[11,1777,674,1011,27,1944,12,626,25,1125],"class_list":{"0":"post-113018","1":"post","2":"type-post","3":"status-publish","4":"format-standard","5":"has-post-thumbnail","7":"category-paris","8":"tag-actualites","9":"tag-eu","10":"tag-europe","11":"tag-fr","12":"tag-france","13":"tag-ma-ville","14":"tag-news","15":"tag-paris","16":"tag-republique-francaise","17":"tag-val-de-marne"},"share_on_mastodon":{"url":"https:\/\/pubeurope.com\/@fr\/114537277991042297","error":""},"_links":{"self":[{"href":"https:\/\/www.europesays.com\/fr\/wp-json\/wp\/v2\/posts\/113018","targetHints":{"allow":["GET"]}}],"collection":[{"href":"https:\/\/www.europesays.com\/fr\/wp-json\/wp\/v2\/posts"}],"about":[{"href":"https:\/\/www.europesays.com\/fr\/wp-json\/wp\/v2\/types\/post"}],"author":[{"embeddable":true,"href":"https:\/\/www.europesays.com\/fr\/wp-json\/wp\/v2\/users\/2"}],"replies":[{"embeddable":true,"href":"https:\/\/www.europesays.com\/fr\/wp-json\/wp\/v2\/comments?post=113018"}],"version-history":[{"count":0,"href":"https:\/\/www.europesays.com\/fr\/wp-json\/wp\/v2\/posts\/113018\/revisions"}],"wp:featuredmedia":[{"embeddable":true,"href":"https:\/\/www.europesays.com\/fr\/wp-json\/wp\/v2\/media\/113019"}],"wp:attachment":[{"href":"https:\/\/www.europesays.com\/fr\/wp-json\/wp\/v2\/media?parent=113018"}],"wp:term":[{"taxonomy":"category","embeddable":true,"href":"https:\/\/www.europesays.com\/fr\/wp-json\/wp\/v2\/categories?post=113018"},{"taxonomy":"post_tag","embeddable":true,"href":"https:\/\/www.europesays.com\/fr\/wp-json\/wp\/v2\/tags?post=113018"}],"curies":[{"name":"wp","href":"https:\/\/api.w.org\/{rel}","templated":true}]}}