{"id":1130299,"date":"2026-08-16T10:52:26","date_gmt":"2026-08-16T10:52:26","guid":{"rendered":"https:\/\/www.europesays.com\/fr\/1130299\/"},"modified":"2026-08-16T10:52:26","modified_gmt":"2026-08-16T10:52:26","slug":"ligue-2-solide-a-grenoble-mais-absent-offensivement-le-fc-metz-se-rode-encore-2","status":"publish","type":"post","link":"https:\/\/www.europesays.com\/fr\/1130299\/","title":{"rendered":"Ligue 2. Solide \u00e0 Grenoble mais absent offensivement, le FC Metz se rode encore"},"content":{"rendered":"<p>Le pr\u00e9sident <a href=\"https:\/\/www.estrepublicain.fr\/p\/bernard-serin\" target=\"_blank\" rel=\"nofollow noopener\">Bernard Serin<\/a> estime qu\u2019il faudra en moyenne r\u00e9colter deux points par match pour atteindre l\u2019objectif qu\u2019il s\u2019est fix\u00e9, \u00e0 savoir la remont\u00e9e imm\u00e9diate du FC Metz en Ligue 1. Apr\u00e8s deux journ\u00e9es de championnat, les Grenats suivent scrupuleusement cette cadence mais leur nul \u00e0 Grenoble, vendredi soir (0-0), suscite plus d\u2019interrogations qu\u2019il n\u2019offre de r\u00e9ponses.<\/p>\n<p>Parfois s\u00e9duisants, <a href=\"https:\/\/www.republicain-lorrain.fr\/sport\/2026\/08\/09\/le-fc-metz-se-fait-du-bien-en-battant-guingamp\" target=\"_blank\" rel=\"nofollow noopener\">une semaine plus t\u00f4t face \u00e0 Guingamp<\/a> (2-1), m\u00eame s\u2019ils n\u2019ont pas tout ma\u00eetris\u00e9 au cours de cette partie, loin de l\u00e0, les hommes de <a href=\"https:\/\/www.estrepublicain.fr\/p\/luc-holtz\" target=\"_blank\" rel=\"nofollow noopener\">Luc Holtz<\/a> n\u2019ont pas propos\u00e9 une tr\u00e8s belle partie de football dans l\u2019Is\u00e8re, en d\u00e9pit d\u2019une domination en termes de possession de&#8230;<\/p>\n","protected":false},"excerpt":{"rendered":"Le pr\u00e9sident Bernard Serin estime qu\u2019il faudra en moyenne r\u00e9colter deux points par match pour atteindre l\u2019objectif qu\u2019il&hellip;\n","protected":false},"author":2,"featured_media":1130300,"comment_status":"","ping_status":"","sticky":false,"template":"","format":"standard","meta":{"footnotes":"","_share_on_mastodon":"0"},"categories":[9566],"tags":[1111,11,2430,1777,674,8113,107,63,1011,27,2731,12,25,517,1700],"class_list":["post-1130299","post","type-post","status-publish","format-standard","has-post-thumbnail","category-grenoble","tag-actu","tag-actualites","tag-auvergne-rhone-alpes","tag-eu","tag-europe","tag-fc-metz","tag-fil-info","tag-football","tag-fr","tag-france","tag-grenoble","tag-news","tag-republique-francaise","tag-sport","tag-sport-lorrain"],"share_on_mastodon":{"url":"https:\/\/pubeurope.com\/@fr\/117104813438127250","error":""},"_links":{"self":[{"href":"https:\/\/www.europesays.com\/fr\/wp-json\/wp\/v2\/posts\/1130299","targetHints":{"allow":["GET"]}}],"collection":[{"href":"https:\/\/www.europesays.com\/fr\/wp-json\/wp\/v2\/posts"}],"about":[{"href":"https:\/\/www.europesays.com\/fr\/wp-json\/wp\/v2\/types\/post"}],"author":[{"embeddable":true,"href":"https:\/\/www.europesays.com\/fr\/wp-json\/wp\/v2\/users\/2"}],"replies":[{"embeddable":true,"href":"https:\/\/www.europesays.com\/fr\/wp-json\/wp\/v2\/comments?post=1130299"}],"version-history":[{"count":0,"href":"https:\/\/www.europesays.com\/fr\/wp-json\/wp\/v2\/posts\/1130299\/revisions"}],"wp:featuredmedia":[{"embeddable":true,"href":"https:\/\/www.europesays.com\/fr\/wp-json\/wp\/v2\/media\/1130300"}],"wp:attachment":[{"href":"https:\/\/www.europesays.com\/fr\/wp-json\/wp\/v2\/media?parent=1130299"}],"wp:term":[{"taxonomy":"category","embeddable":true,"href":"https:\/\/www.europesays.com\/fr\/wp-json\/wp\/v2\/categories?post=1130299"},{"taxonomy":"post_tag","embeddable":true,"href":"https:\/\/www.europesays.com\/fr\/wp-json\/wp\/v2\/tags?post=1130299"}],"curies":[{"name":"wp","href":"https:\/\/api.w.org\/{rel}","templated":true}]}}