{"id":113048,"date":"2025-05-20T00:33:12","date_gmt":"2025-05-20T00:33:12","guid":{"rendered":"https:\/\/www.europesays.com\/fr\/113048\/"},"modified":"2025-05-20T00:33:12","modified_gmt":"2025-05-20T00:33:12","slug":"giro-tour-ditalie-wout-van-aert-labandon-nous-en-avons-parle","status":"publish","type":"post","link":"https:\/\/www.europesays.com\/fr\/113048\/","title":{"rendered":"Giro. Tour d&rsquo;Italie &#8211; Wout Van Aert : \u00abL&rsquo;abandon ? Nous en avons parl\u00e9\u00bb"},"content":{"rendered":"<p>On l&rsquo;avait vu \u00e0 la peine sur le contre-la-montre en Albanie, un exercice qu&rsquo;il affectionne pourtant, puis incapable de suivre les meilleurs d\u00e8s que la pente s&rsquo;\u00e9levait un peu, \u00e0 tel point que certains se demandaient s&rsquo;il ne serait pas mieux pour <strong><a href=\"https:\/\/www.cyclismactu.net\/..\/news-tour-d-italie-route-wout-van-aert-gagner-apres-cette-periode-difficile-87926.html\" target=\"_blank\" rel=\"nofollow noopener\">Wout Van Aert<\/a> <\/strong>(Team Visma | Lease a Bike) de tout simplement se retirer du <strong>Tour d&rsquo;Italie <\/strong>pour mieux se concentrer sur ses prochains objectifs. Hier lors d&rsquo;une\u00a0<a href=\"https:\/\/www.cyclismactu.net\/..\/news-giro-tour-d-italie-wout-van-aert-9e-etape-del-toro-en-rose-roglic-perd-gros-87923.html?utm_campaign=post-auto&amp;utm_medium=twitter&amp;utm_source=mashup-cyclismactu\" target=\"_blank\" rel=\"nofollow noopener\">9\u00e8me \u00e9tape<\/a>\u00a0m\u00e9morable il a fait taire toutes les critiques. Dans les rues de Sienne, il s&rsquo;est arrach\u00e9 pour suivre puis d\u00e9passer <strong>Isaac Del Toro\u00a0<\/strong>(UAE Team Emirates XRG) et s&rsquo;offrir une victoire qui va lui faire beaucoup de bien. \u00c0 l&rsquo;occasion du jour de repos, il est revenu sur son d\u00e9but de <strong>Giro<\/strong>, ses envies d&rsquo;abandon et ses ambitions pour les \u00e9tapes restantes, \u00e0 commencer par le contre-la-montre de demain.<\/p>\n<p>Vid\u00e9o &#8211; De la terre, des chutes et Van Aert, la 9e \u00e9tape en vid\u00e9o : Lire la suite de l&rsquo;article&#13;<\/p>\n<p>\u00a0<\/p>\n<p>&#13;<br \/>\nUn d\u00e9but de Giro d\u00e9cevant&#13;<\/p>\n<p>\u00ab\u00a0Mentalement, je me sens tr\u00e8s diff\u00e9rent. Il y a une semaine, je me demandais si continuer le Giro \u00e9tait une bonne id\u00e9e\u00a0\u00bb, a d\u00e9clar\u00e9 <strong>Van Aert <\/strong>ce\u00a0lundi lors d&rsquo;une conf\u00e9rence de presse organis\u00e9e par son \u00e9quipe. \u00ab\u00a0Nous en avons parl\u00e9. Apr\u00e8s le premier jour de repos, j&rsquo;ai eu le sentiment et les signaux que je pouvais y arriver. Mais la quatri\u00e8me \u00e9tape a \u00e9t\u00e9 vraiment d\u00e9cevante. J&rsquo;\u00e9tais fatigu\u00e9 et j&rsquo;avais mal aux jambes, alors que c&rsquo;\u00e9tait une \u00e9tape facile\u00a0\u00bb a continu\u00e9 celui qui compte d\u00e9sormais au moins une victoire d&rsquo;\u00e9tapes sur les trois Grands Tours. \u00ab\u00a0Lors de l&rsquo;\u00e9tape cinq j&rsquo;ai souffert, mais j&rsquo;ai senti de l&rsquo;am\u00e9lioration.\u00a0C&rsquo;\u00e9tait la premi\u00e8re fois que j&rsquo;arrivais \u00e0 l&rsquo;arriv\u00e9e avec un bon sentiment.\u00a0\u00bb<\/p>\n<p>&#13;<\/p>\n<p>\u00a0<\/p>\n<p>&#13;<br \/>\nUne victoire qui en appelle d&rsquo;autres&#13;<\/p>\n<p>Le Belge se projette d\u00e9sormais sur les \u00e9tapes restantes pour essayer d&rsquo;engranger d&rsquo;autres victoires m\u00eame s&rsquo;il reste prudent : \u00ab\u00a0Je pense que je m&rsquo;am\u00e9liore, mais je ne me sens pas bien au point que je dirai que j&rsquo;ai soudainement retrouv\u00e9 mes meilleures jambes\u00a0\u00bb a-t-il d\u00e9clar\u00e9 avant d&rsquo;\u00e9voquer le contre-la-montre de demain : \u00ab\u00a0Demain, c&rsquo;est d\u00e9j\u00e0 la prochaine occasion d&rsquo;obtenir un bon r\u00e9sultat, d&rsquo;essayer d&rsquo;aller chercher la victoire d&rsquo;\u00e9tape aussi, peut-\u00eatre.\u00a0Nous verrons comment j&rsquo;ai r\u00e9cup\u00e9r\u00e9, m\u00eame si tout le monde a un jour de repos aujourd&rsquo;hui, il n&rsquo;y a pas besoin d&rsquo;expliquer qu&rsquo;hier que je suis all\u00e9 tr\u00e8s loin pour obtenir cette victoire. Dans un grand tour, le contre-la-montre situ\u00e9 dans la deuxi\u00e8me semaine est g\u00e9n\u00e9ralement une question de fra\u00eecheur et se joue peu moins sur les qualit\u00e9s propres de rouleur.\u00a0\u00bb<\/p>\n<p>&#13;<\/p>\n<p>La prudence est d&rsquo;autant plus de mise qu&rsquo;il fera face \u00e0 de coriaces adversaires \u00e0 commencer par le vainqueur du contre-la-montre dans les rues de Tirana <strong>Joshua Tarling <\/strong>(INEOS Grenadiers)\u00a0: \u00ab\u00a0En Albanie, le contre-la-montre ne s&rsquo;est pas d\u00e9roul\u00e9 comme je le souhaitais, mais je pense savoir pourquoi. Mardi, c&rsquo;est vraiment une course pour les sp\u00e9cialistes, tr\u00e8s simple. Seul le d\u00e9part est technique.\u00a0Je ne pars pas avec des doutes, mais Tarling est le favori, car ce parcours lui convient encore mieux. Il sera difficile de le battre.\u00a0\u00bb<\/p>\n<p>&#13;<\/p>\n<p>\u00a0<\/p>\n<p>&#13;<br \/>\nUne envie retrouv\u00e9e&#13;<\/p>\n<p>Pour jouer la victoire d&rsquo;\u00e9tape <strong>Van Aert <\/strong>pourra surfer sur la confiance retrouv\u00e9e, cette victoire lui enlevant \u00e9galement beaucoup de pression : C&rsquo;est toujours agr\u00e9able de gagner juste avant, parce que cela nous donne un peu plus de temps pour nous impr\u00e9gner et appr\u00e9cier. C&rsquo;est ce que nous avons fait.\u00a0\u00bb Il pourra \u00e9galement compter sur une nouvelle selle d\u00e9voil\u00e9e par son \u00e9quipe lors de cette conf\u00e9rence de presse et se projette d\u00e9sormais avec confiance vers la suite : \u00ab\u00a0Je garde les pieds sur terre, mais je peux envisager le reste du Giro avec un tr\u00e8s bon sentiment.\u00a0\u00bb<\/p>\n","protected":false},"excerpt":{"rendered":"On l&rsquo;avait vu \u00e0 la peine sur le contre-la-montre en Albanie, un exercice qu&rsquo;il affectionne pourtant, puis incapable&hellip;\n","protected":false},"author":2,"featured_media":113049,"comment_status":"","ping_status":"","sticky":false,"template":"","format":"standard","meta":{"footnotes":""},"categories":[1411],"tags":[1154,207,1011,27,209,60,3318,208],"class_list":{"0":"post-113048","1":"post","2":"type-post","3":"status-publish","4":"format-standard","5":"has-post-thumbnail","7":"category-cyclisme","8":"tag-cycling","9":"tag-cyclisme","10":"tag-fr","11":"tag-france","12":"tag-route","13":"tag-sports","14":"tag-tour-d","15":"tag-velo"},"share_on_mastodon":{"url":"https:\/\/pubeurope.com\/@fr\/114537352669877223","error":""},"_links":{"self":[{"href":"https:\/\/www.europesays.com\/fr\/wp-json\/wp\/v2\/posts\/113048","targetHints":{"allow":["GET"]}}],"collection":[{"href":"https:\/\/www.europesays.com\/fr\/wp-json\/wp\/v2\/posts"}],"about":[{"href":"https:\/\/www.europesays.com\/fr\/wp-json\/wp\/v2\/types\/post"}],"author":[{"embeddable":true,"href":"https:\/\/www.europesays.com\/fr\/wp-json\/wp\/v2\/users\/2"}],"replies":[{"embeddable":true,"href":"https:\/\/www.europesays.com\/fr\/wp-json\/wp\/v2\/comments?post=113048"}],"version-history":[{"count":0,"href":"https:\/\/www.europesays.com\/fr\/wp-json\/wp\/v2\/posts\/113048\/revisions"}],"wp:featuredmedia":[{"embeddable":true,"href":"https:\/\/www.europesays.com\/fr\/wp-json\/wp\/v2\/media\/113049"}],"wp:attachment":[{"href":"https:\/\/www.europesays.com\/fr\/wp-json\/wp\/v2\/media?parent=113048"}],"wp:term":[{"taxonomy":"category","embeddable":true,"href":"https:\/\/www.europesays.com\/fr\/wp-json\/wp\/v2\/categories?post=113048"},{"taxonomy":"post_tag","embeddable":true,"href":"https:\/\/www.europesays.com\/fr\/wp-json\/wp\/v2\/tags?post=113048"}],"curies":[{"name":"wp","href":"https:\/\/api.w.org\/{rel}","templated":true}]}}