{"id":1130481,"date":"2026-08-16T13:07:24","date_gmt":"2026-08-16T13:07:24","guid":{"rendered":"https:\/\/www.europesays.com\/fr\/1130481\/"},"modified":"2026-08-16T13:07:24","modified_gmt":"2026-08-16T13:07:24","slug":"un-dimanche-a-la-campagne-de-retour-le-30-aout-sur-france-2-voic","status":"publish","type":"post","link":"https:\/\/www.europesays.com\/fr\/1130481\/","title":{"rendered":"Un dimanche \u00e0 la campagne de retour le 30 ao\u00fbt sur France 2, voic &#8230;"},"content":{"rendered":"<ul class=\"en-bref-list\">\n<li>Fr\u00e9d\u00e9ric Lopez re\u00e7oit Joeystarr, Alice Taglioni et Guillaume<br \/>\nGomez le dimanche 30 ao\u00fbt \u00e0 16h10 sur France 2 pour lancer la<br \/>\nsaison 5.<\/li>\n<li>Le rappeur et com\u00e9dien Joeystarr brise le silence sur son<br \/>\nenfance marqu\u00e9e par un lourd mensonge familial et une m\u00e8re<br \/>\nr\u00e9apparue bien plus tard.<\/li>\n<li>Les confidences crois\u00e9es d\u2019Alice Taglioni et du chef Guillaume<br \/>\nGomez promettent un \u00e9pisode sous haute \u00e9motion, pens\u00e9 comme un vrai<br \/>\ntournant pour l\u2019\u00e9mission.<\/li>\n<li>Ce r\u00e9sum\u00e9 g\u00e9n\u00e9r\u00e9 par IA a \u00e9t\u00e9 valid\u00e9 par les journalistes de la<br \/>\nr\u00e9daction.<\/li>\n<\/ul>\n<p>Les fid\u00e8les de <strong>Un dimanche \u00e0 la campagne<\/strong> vont<br \/>\npouvoir ressortir les plaids. Apr\u00e8s plusieurs mois sans in\u00e9dit,<br \/>\nl\u2019\u00e9mission de <strong>France 2<\/strong> revient \u00e0 l\u2019antenne le<br \/>\ndimanche 30 ao\u00fbt \u00e0 16h10, avec le lancement de sa saison 5 et un<br \/>\ntrio d\u2019invit\u00e9s tr\u00e8s attendu.<\/p>\n<p>Lanc\u00e9e le 23 octobre 2022, la cr\u00e9ation de <strong>Fr\u00e9d\u00e9ric<br \/>\nLopez<\/strong> r\u00e9unit, chaque week-end, trois personnalit\u00e9s dans<br \/>\nune maison \u00e0 la campagne, loin du tumulte. Entre discussions au<br \/>\ncoin du feu, s\u00e9quence du grenier et brunch improvis\u00e9, les invit\u00e9s<br \/>\nreviennent sur leur parcours. Amour, amiti\u00e9, enfance et les<br \/>\ntournants de leur carri\u00e8re, tout passe au crible.<\/p>\n<p>Un dimanche \u00e0 la campagne : Fr\u00e9d\u00e9ric Lopez mise sur un retour<br \/>\n\u00e9v\u00e9nement le 30 ao\u00fbt<\/p>\n<p>Apr\u00e8s <a href=\"https:\/\/www.telestar.fr\/actu_tv\/un-dimanche-a-la-campagne-france-2-qui-sont-les-invites-de-frederic-lopez-ce-26-avril-1761430\" rel=\"nofollow noopener\" target=\"_blank\"><br \/>\nun dernier in\u00e9dit diffus\u00e9 le 26 avril<\/a>, avec Anne-\u00c9lisabeth<br \/>\nLemoine, Gilbert Montagn\u00e9 et Paul de Saint-Sernin, l\u2019\u00e9mission avait<br \/>\nmarqu\u00e9 une pause. Ce num\u00e9ro n\u2019avait rassembl\u00e9 que 1,07 million de<br \/>\nt\u00e9l\u00e9spectateurs pour 14,6 % de part d\u2019audience, selon M\u00e9diam\u00e9trie.<br \/>\nCe qui repr\u00e9sente le plus faible score de la saison.<\/p>\n<p>Le 20 juillet, <strong>Fr\u00e9d\u00e9ric Lopez<\/strong> a annonc\u00e9 une<br \/>\nnouvelle saison de son programme. \u00ab\u00a0je sais d\u00e9j\u00e0 qu&rsquo;il y aura<br \/>\ndes invit\u00e9s \u00e9tonnants, tr\u00e8s authentiques, tr\u00e8s inspirants\u00a0\u00bb,<br \/>\na-t-il promis dans une vid\u00e9o publi\u00e9e sur Instagram. En outre, il<br \/>\nn&rsquo;a pas oubli\u00e9 de remercier les t\u00e9l\u00e9spectateurs d\u2019avoir fait de<br \/>\nl\u2019\u00e9mission un succ\u00e8s et saluer le travail colossal de son<br \/>\n\u00e9quipe.<\/p>\n<p>Joeystarr, Alice Taglioni et Guillaume Gomez, un trio de<br \/>\nconfessions pour Fr\u00e9d\u00e9ric Lopez<\/p>\n<p>Pour <a href=\"https:\/\/www.telestar.fr\/actu_tv\/france-2-frederic-lopez-officialise-le-retour-dun-dimanche-a-la-campagne-a-la-rentree-apres-un-succes-daudience-retentissant-1774496\" rel=\"nofollow noopener\" target=\"_blank\"><br \/>\nce premier rendez-vous de saison 5<\/a>, <strong>Fr\u00e9d\u00e9ric<br \/>\nLopez<\/strong> a pr\u00e9vu une belle brochette de personnalit\u00e9s. En<br \/>\neffet, le rappeur et com\u00e9dien <strong>Joeystarr<\/strong>, l\u2019actrice<br \/>\n<strong>Alice Taglioni<\/strong> et le chef cuisinier<br \/>\n<strong>Guillaume Gomez<\/strong>, ancien chef des cuisines de<br \/>\nl\u2019\u00c9lys\u00e9e seront ses invit\u00e9s. Fid\u00e8le \u00e0 la recette de l\u2019\u00e9mission,<br \/>\ntrois univers que tout semble opposer vont se croiser le temps d\u2019un<br \/>\nweek-end. Une rencontre entre rires, confidences et souvenirs<br \/>\nparfois douloureux.<\/p>\n<p>Face \u00e0 <strong>Fr\u00e9d\u00e9ric Lopez<\/strong>,<br \/>\n<strong>Joeystarr<\/strong> devrait revenir sur sa relation<br \/>\ncompliqu\u00e9e avec ses parents. Il insitera notamment sur le mensonge<br \/>\nqui a marqu\u00e9 son enfance. En effet, son p\u00e8re lui avait fait croire<br \/>\nque sa m\u00e8re \u00e9tait morte, avant qu\u2019elle ne r\u00e9apparaisse \u00e0 23 ans. Il<br \/>\n\u00e9voquera aussi son parcours avec NTM et sa carri\u00e8re d\u2019acteur, de<br \/>\nPolisse \u00e0 la s\u00e9rie Le Rempla\u00e7ant.<\/p>\n<p>Dans la s\u00e9quence du grenier, <strong>Alice Taglioni<\/strong><br \/>\nreviendra sur son enfance et ses d\u00e9buts, elle qui est apparue pour<br \/>\nla premi\u00e8re fois \u00e0 l\u2019\u00e9cran en 1994 dans la sitcom H\u00e9l\u00e8ne et les<br \/>\nGar\u00e7ons. Aujourd\u2019hui com\u00e9dienne et romanci\u00e8re, elle partage sa<br \/>\nvie depuis quatorze ans avec le journaliste <strong>Laurent<br \/>\nDelahousse<\/strong>.<\/p>\n<p>Une saison 5 d\u2019Un dimanche \u00e0 la<br \/>\ncampagne plac\u00e9e sous le signe des \u00e9motions<\/p>\n<p><strong>Guillaume Gomez<\/strong> racontera, lui, une trajectoire<br \/>\nhors norme : celle d\u2019un enfant qui a connu la pauvret\u00e9, au point de<br \/>\nfouiller les poubelles derri\u00e8re les supermarch\u00e9s, avant de devenir<br \/>\nun chef reconnu. \u00c0 l\u2019\u00c9lys\u00e9e, il a servi quatre pr\u00e9sidents fran\u00e7ais,<br \/>\nmais aussi la reine Elizabeth II et Donald Trump.<\/p>\n<p>Entre blessures familiales, souvenirs d\u2019enfance et parcours de<br \/>\nr\u00e9silience, ce premier in\u00e9dit de saison 5 s\u2019annonce dense en<br \/>\nconfessions. \u00ab\u00a0J&rsquo;esp\u00e8re que vous serez au rendez-vous\u00a0\u00bb, a<br \/>\nconclu <strong>Fr\u00e9d\u00e9ric Lopez<\/strong>. L\u2019\u00e9mission sera diffus\u00e9e \u00e0<br \/>\n16h10 sur <strong>France 2<\/strong> et <a href=\"https:\/\/www.france.tv\/france-2\/un-dimanche-a-la-campagne\/\" target=\"_blank\" rel=\"nofollow noopener\">disponible ensuite en replay sur<br \/>\nfrance.tv<\/a>.<\/p>\n","protected":false},"excerpt":{"rendered":"Fr\u00e9d\u00e9ric Lopez re\u00e7oit Joeystarr, Alice Taglioni et Guillaume Gomez le dimanche 30 ao\u00fbt \u00e0 16h10 sur France 2&hellip;\n","protected":false},"author":2,"featured_media":1130482,"comment_status":"","ping_status":"","sticky":false,"template":"","format":"standard","meta":{"footnotes":"","_share_on_mastodon":"0"},"categories":[1356],"tags":[58,59,1011,27,502,252,65861,1364],"class_list":["post-1130481","post","type-post","status-publish","format-standard","has-post-thumbnail","category-television","tag-divertissement","tag-entertainment","tag-fr","tag-france","tag-programme-tv","tag-television","tag-trend","tag-tv"],"share_on_mastodon":{"url":"https:\/\/pubeurope.com\/@fr\/117105344368817083","error":""},"_links":{"self":[{"href":"https:\/\/www.europesays.com\/fr\/wp-json\/wp\/v2\/posts\/1130481","targetHints":{"allow":["GET"]}}],"collection":[{"href":"https:\/\/www.europesays.com\/fr\/wp-json\/wp\/v2\/posts"}],"about":[{"href":"https:\/\/www.europesays.com\/fr\/wp-json\/wp\/v2\/types\/post"}],"author":[{"embeddable":true,"href":"https:\/\/www.europesays.com\/fr\/wp-json\/wp\/v2\/users\/2"}],"replies":[{"embeddable":true,"href":"https:\/\/www.europesays.com\/fr\/wp-json\/wp\/v2\/comments?post=1130481"}],"version-history":[{"count":0,"href":"https:\/\/www.europesays.com\/fr\/wp-json\/wp\/v2\/posts\/1130481\/revisions"}],"wp:featuredmedia":[{"embeddable":true,"href":"https:\/\/www.europesays.com\/fr\/wp-json\/wp\/v2\/media\/1130482"}],"wp:attachment":[{"href":"https:\/\/www.europesays.com\/fr\/wp-json\/wp\/v2\/media?parent=1130481"}],"wp:term":[{"taxonomy":"category","embeddable":true,"href":"https:\/\/www.europesays.com\/fr\/wp-json\/wp\/v2\/categories?post=1130481"},{"taxonomy":"post_tag","embeddable":true,"href":"https:\/\/www.europesays.com\/fr\/wp-json\/wp\/v2\/tags?post=1130481"}],"curies":[{"name":"wp","href":"https:\/\/api.w.org\/{rel}","templated":true}]}}