{"id":1130497,"date":"2026-08-16T13:16:30","date_gmt":"2026-08-16T13:16:30","guid":{"rendered":"https:\/\/www.europesays.com\/fr\/1130497\/"},"modified":"2026-08-16T13:16:30","modified_gmt":"2026-08-16T13:16:30","slug":"afghanistan-plus-de-700-camions-daide-humanitaire-arrives-depuis-le-pakistan","status":"publish","type":"post","link":"https:\/\/www.europesays.com\/fr\/1130497\/","title":{"rendered":"Afghanistan : plus de 700 camions d\u2019aide humanitaire arriv\u00e9s depuis le Pakistan"},"content":{"rendered":"<p>\n    La fronti\u00e8re terrestre entre les deux pays est pourtant presque enti\u00e8rement ferm\u00e9e depuis octobre 2025 en raison de leur conflit.<\/p>\n<p class=\"fig-paragraph\">Plus de 700 camions charg\u00e9s d&rsquo;aide humanitaire internationale sont arriv\u00e9s en\u00a0<a href=\"http:\/\/www.lefigaro.fr\/flash-eco\/les-dirigeants-talibans-celebrent-leurs-cinq-ans-a-la-tete-de-l-afghanistan-20260815\" data-fig-type=\"NewsFlash\" data-gtm-custom-categorie=\"navigation\" data-gtm-custom-action=\"crossclick\" data-gtm-custom-label=\"Contextuel\" data-gtm-event=\"customEventSPE\" data-fig-domain=\"LEFIGARO\" rel=\"nofollow noopener\" target=\"_blank\">Afghanistan<\/a>\u00a0via le Pakistan malgr\u00e9 la fermeture quasi totale de la fronti\u00e8re terrestre entre les deux pays en conflit, a-t-on appris dimanche aupr\u00e8s de\u00a0<a href=\"http:\/\/www.lefigaro.fr\/international\/guerre-au-moyen-orient-le-chef-de-l-onu-appelle-a-lever-immediatement-toutes-les-sanctions-contre-la-syrie-20260726\" data-fig-type=\"NewsFlash\" data-gtm-custom-categorie=\"navigation\" data-gtm-custom-action=\"crossclick\" data-gtm-custom-label=\"Contextuel\" data-gtm-event=\"customEventSPE\" data-fig-domain=\"LEFIGARO\" rel=\"nofollow noopener\" target=\"_blank\">l&rsquo;ONU<\/a>.<\/p>\n<p class=\"fig-paragraph\">Ce convoi transportait \u00abde la nourriture et du mat\u00e9riel humanitaire essentiel\u00bb, a indiqu\u00e9 \u00e0 l&rsquo;AFP Olga Cherevko, porte-parole du Bureau des Nations unies pour la coordination des affaires humanitaires (Ocha) en Afghanistan. \u00ab724 camions de fret humanitaire sont pass\u00e9s en Afghanistan, atteignant les familles les plus dans le besoin\u00bb, a de son c\u00f4t\u00e9 indiqu\u00e9 sur X le coordinateur r\u00e9sident des Nations unies au Pakistan, Mohamed Yahya, en remerciant Islamabad et \u00abtous ceux qui ont permis de garder la ligne de vie humanitaire ouverte\u00bb.<\/p>\n<p>                                            <a class=\"fig-a11y-skip\" href=\"#fig-a11y-skip-main-inarticle\" is=\"fig-a11y-skip\" data-trigger-mode=\"visible-once\"><br \/>\n    Passer la publicit\u00e9<br \/>\n<\/a>            <\/p>\n<p>                                            Une crise alimentaire toujours critique<\/p>\n<p class=\"fig-paragraph\">La malnutrition infantile aigu\u00eb atteint cette ann\u00e9e des niveaux critiques en Afghanistan, a alert\u00e9 d\u00e9but ao\u00fbt le Programme alimentaire mondial (PAM). Apr\u00e8s des s\u00e9ismes meurtriers l&rsquo;ann\u00e9e derni\u00e8re, plusieurs d\u00e9sastres climatiques cette ann\u00e9e et le retour de millions d&rsquo;Afghans d&rsquo;Iran et du Pakistan depuis 2023, pr\u00e8s de 14 millions d&rsquo;Afghans sont en situation de faim aigu\u00eb, sur une population de plus de 45 millions de personnes, selon la m\u00eame source.<\/p>\n<p class=\"fig-paragraph\">Le conflit avec le Pakistan, qui a abouti \u00e0 la fermeture quasi totale de la fronti\u00e8re terrestre entre les deux pays depuis octobre 2025, a fortement perturb\u00e9 les routes logistiques pour acheminer l&rsquo;aide humanitaire, avait expliqu\u00e9 en mai \u00e0 l&rsquo;AFP le directeur ex\u00e9cutif adjoint du PAM, Carl Skau. Au d\u00e9but de cette ann\u00e9e, des biscuits fortifi\u00e9s destin\u00e9s \u00e0 des \u00e9coliers afghans qui devaient arriver du Pakistan avaient par exemple d\u00fb \u00eatre d\u00e9rout\u00e9s pour passer via l&rsquo;Iran avant que la guerre dans ce pays ne perturbe aussi cette voie.<\/p>\n<p class=\"fig-paragraph\">Ils avaient finalement pu arriver en Afghanistan des mois plus tard apr\u00e8s un p\u00e9riple terrestre et maritime passant entre autres par la Jordanie, la Turquie et l&rsquo;Azerba\u00efdjan.<\/p>\n","protected":false},"excerpt":{"rendered":"La fronti\u00e8re terrestre entre les deux pays est pourtant presque enti\u00e8rement ferm\u00e9e depuis octobre 2025 en raison de&hellip;\n","protected":false},"author":2,"featured_media":1130498,"comment_status":"","ping_status":"","sticky":false,"template":"","format":"standard","meta":{"footnotes":"","_share_on_mastodon":"0"},"categories":[5],"tags":[11,598,1011,27,14,12,3521,14488,28],"class_list":["post-1130497","post","type-post","status-publish","format-standard","has-post-thumbnail","category-international","tag-actualites","tag-afghanistan","tag-fr","tag-france","tag-international","tag-news","tag-onu","tag-pakistan","tag-world"],"share_on_mastodon":{"url":"https:\/\/pubeurope.com\/@fr\/117105379587156269","error":""},"_links":{"self":[{"href":"https:\/\/www.europesays.com\/fr\/wp-json\/wp\/v2\/posts\/1130497","targetHints":{"allow":["GET"]}}],"collection":[{"href":"https:\/\/www.europesays.com\/fr\/wp-json\/wp\/v2\/posts"}],"about":[{"href":"https:\/\/www.europesays.com\/fr\/wp-json\/wp\/v2\/types\/post"}],"author":[{"embeddable":true,"href":"https:\/\/www.europesays.com\/fr\/wp-json\/wp\/v2\/users\/2"}],"replies":[{"embeddable":true,"href":"https:\/\/www.europesays.com\/fr\/wp-json\/wp\/v2\/comments?post=1130497"}],"version-history":[{"count":0,"href":"https:\/\/www.europesays.com\/fr\/wp-json\/wp\/v2\/posts\/1130497\/revisions"}],"wp:featuredmedia":[{"embeddable":true,"href":"https:\/\/www.europesays.com\/fr\/wp-json\/wp\/v2\/media\/1130498"}],"wp:attachment":[{"href":"https:\/\/www.europesays.com\/fr\/wp-json\/wp\/v2\/media?parent=1130497"}],"wp:term":[{"taxonomy":"category","embeddable":true,"href":"https:\/\/www.europesays.com\/fr\/wp-json\/wp\/v2\/categories?post=1130497"},{"taxonomy":"post_tag","embeddable":true,"href":"https:\/\/www.europesays.com\/fr\/wp-json\/wp\/v2\/tags?post=1130497"}],"curies":[{"name":"wp","href":"https:\/\/api.w.org\/{rel}","templated":true}]}}