{"id":1130613,"date":"2026-08-16T14:32:32","date_gmt":"2026-08-16T14:32:32","guid":{"rendered":"https:\/\/www.europesays.com\/fr\/1130613\/"},"modified":"2026-08-16T14:32:32","modified_gmt":"2026-08-16T14:32:32","slug":"gaza-le-chef-politique-du-hamas-rencontre-le-patron-du-renseignement-egyptien","status":"publish","type":"post","link":"https:\/\/www.europesays.com\/fr\/1130613\/","title":{"rendered":"Gaza : le chef politique du Hamas rencontre le patron du renseignement \u00e9gyptien"},"content":{"rendered":"<p>\n    Les discussions doivent porter sur la mise en \u0153uvre de la feuille de route am\u00e9ricaine, accept\u00e9e par le mouvement palestinien mais rejet\u00e9e par Isra\u00ebl.<\/p>\n<p class=\"fig-paragraph\">Une d\u00e9l\u00e9gation du Hamas a entam\u00e9 dimanche des entretiens avec le chef du renseignement \u00e9gyptien, Hassan Rachad,\u00a0<a href=\"http:\/\/www.lefigaro.fr\/culture\/des-tombes-vieilles-de-2-000-ans-et-les-vestiges-d-une-ville-byzantine-decouverts-en-egypte-20260706\" data-fig-type=\"NewsFlash\" data-gtm-custom-categorie=\"navigation\" data-gtm-custom-action=\"crossclick\" data-gtm-custom-label=\"Contextuel\" data-gtm-event=\"customEventSPE\" data-fig-domain=\"LEFIGARO\" rel=\"nofollow noopener\" target=\"_blank\">en \u00c9gypte<\/a>, sur les moyens de faire avancer le plan de paix am\u00e9ricain pour Gaza, a indiqu\u00e9 un responsable du mouvement islamiste palestinien \u00e0 l&rsquo;AFP.<\/p>\n<p class=\"fig-paragraph\">Selon ce m\u00eame responsable, la d\u00e9l\u00e9gation du Hamas \u00e0 ce rendez-vous, \u00e0 El-Alamein (nord) est men\u00e9e par le nouveau chef politique du mouvement, Khalil al-Hayya, dont c&rsquo;est la premi\u00e8re visite en Egypte depuis sa nomination fin juillet. Le Hamas a donn\u00e9 son accord fin juillet \u00e0 une feuille de route am\u00e9ricaine en 15 points &#8211; cens\u00e9e lancer la deuxi\u00e8me \u00e9tape du plan de Donald Trump pour la sortie de guerre \u00e0 Gaza &#8211; pr\u00e9voyant son d\u00e9sarmement et le retrait isra\u00e9lien du territoire palestinien. Isra\u00ebl a rejet\u00e9 cette feuille de route.<\/p>\n<p>                                            <a class=\"fig-a11y-skip\" href=\"#fig-a11y-skip-main-inarticle\" is=\"fig-a11y-skip\" data-trigger-mode=\"visible-once\"><br \/>\n    Passer la publicit\u00e9<br \/>\n<\/a>            <\/p>\n<p class=\"fig-paragraph\">La r\u00e9union porte sur \u00ables efforts d\u00e9ploy\u00e9s pour contraindre Isra\u00ebl \u00e0 respecter l&rsquo;accord, qui comprend la feuille de route en 15 points, et \u00e0 entamer sa mise en \u0153uvre\u00bb a pr\u00e9cis\u00e9 le responsable du Hamas. \u00abLa d\u00e9l\u00e9gation informera les responsables \u00e9gyptiens des violations par Isra\u00ebl de l&rsquo;accord de cessez-le-feu\u00bb, et M. Hayya \u00absoulignera l&rsquo;engagement du mouvement ainsi que sa disponibilit\u00e9 \u00e0 mettre en \u0153uvre l&rsquo;accord d\u00e8s qu&rsquo;Isra\u00ebl aura annonc\u00e9 qu&rsquo;il s&rsquo;y conforme, a-t-il ajout\u00e9.<\/p>\n<p>                                            Jared Kushner attendu en Isra\u00ebl et en \u00c9gypte<\/p>\n<p class=\"fig-paragraph\">Le premier ministre isra\u00e9lien\u00a0<a href=\"http:\/\/www.lefigaro.fr\/international\/en-israel-l-alliance-de-gauche-en-quete-d-un-nouveau-souffle-a-l-approche-des-elections-parlementaires-20260810\" data-fig-type=\"Article\" data-gtm-custom-categorie=\"navigation\" data-gtm-custom-action=\"crossclick\" data-gtm-custom-label=\"Contextuel\" data-gtm-event=\"customEventSPE\" data-fig-domain=\"LEFIGARO\" rel=\"nofollow noopener\" target=\"_blank\">Benyamin Netanyahou<\/a>\u00a0a rejet\u00e9 officiellement le texte en exigeant un d\u00e9sarmement \u00abv\u00e9ritable\u00bb du Hamas. Pour tenter d&rsquo;aplanir ces divergences, Jared Kushner, \u00e9missaire et gendre de Donald Trump, doit se rendre dans la semaine \u00e0 venir en Isra\u00ebl et en Egypte, accompagn\u00e9 de Nikola\u00ef Mladenov &#8211; haut repr\u00e9sentant pour Gaza du\u00a0\u00bbConseil de Paix\u00ab du pr\u00e9sident am\u00e9ricain.<\/p>\n<p class=\"fig-paragraph\">Une autre source au sein du Hamas a indiqu\u00e9 \u00e0 l&rsquo;AFP qu&rsquo;\u00e0 l&rsquo;occasion de cette visite, des contacts \u00e9taient en cours \u00ab pour organiser une r\u00e9union entre la d\u00e9l\u00e9gation du Hamas, M. Mladenov et des responsables am\u00e9ricains\u00bb. Elle a \u00e9galement fait part de contacts et discussions avec les m\u00e9diateurs \u00e9gyptiens, qataris et turcs pour contraindre Isra\u00ebl \u00e0 respecter l&rsquo;accord. Le Hamas et Isra\u00ebl s&rsquo;accusent mutuellement de violer le cessez-le-feu d&rsquo;octobre 2025 dans le territoire palestinien, d\u00e9vast\u00e9 par deux ans de guerre d\u00e9clench\u00e9e par l&rsquo;attaque sans pr\u00e9c\u00e9dent du Hamas en Isra\u00ebl le 7 octobre 2023.<\/p>\n<p class=\"fig-paragraph\">Au moins 1.259 Palestiniens ont \u00e9t\u00e9 tu\u00e9s \u00e0 Gaza depuis le d\u00e9but de la tr\u00eave, selon le minist\u00e8re de la Sant\u00e9 du territoire, dont les chiffres sont jug\u00e9s fiables par l&rsquo;ONU. Dans le m\u00eame temps, Isra\u00ebl y a recens\u00e9 cinq soldats et un contractuel travaillant pour le minist\u00e8re de la D\u00e9fense tu\u00e9s.<\/p>\n","protected":false},"excerpt":{"rendered":"Les discussions doivent porter sur la mise en \u0153uvre de la feuille de route am\u00e9ricaine, accept\u00e9e par le&hellip;\n","protected":false},"author":2,"featured_media":1130614,"comment_status":"","ping_status":"","sticky":false,"template":"","format":"standard","meta":{"footnotes":"","_share_on_mastodon":"0"},"categories":[5],"tags":[11,1011,27,3519,14,12,28],"class_list":["post-1130613","post","type-post","status-publish","format-standard","has-post-thumbnail","category-international","tag-actualites","tag-fr","tag-france","tag-hamas","tag-international","tag-news","tag-world"],"share_on_mastodon":{"url":"https:\/\/pubeurope.com\/@fr\/117105678844102144","error":""},"_links":{"self":[{"href":"https:\/\/www.europesays.com\/fr\/wp-json\/wp\/v2\/posts\/1130613","targetHints":{"allow":["GET"]}}],"collection":[{"href":"https:\/\/www.europesays.com\/fr\/wp-json\/wp\/v2\/posts"}],"about":[{"href":"https:\/\/www.europesays.com\/fr\/wp-json\/wp\/v2\/types\/post"}],"author":[{"embeddable":true,"href":"https:\/\/www.europesays.com\/fr\/wp-json\/wp\/v2\/users\/2"}],"replies":[{"embeddable":true,"href":"https:\/\/www.europesays.com\/fr\/wp-json\/wp\/v2\/comments?post=1130613"}],"version-history":[{"count":0,"href":"https:\/\/www.europesays.com\/fr\/wp-json\/wp\/v2\/posts\/1130613\/revisions"}],"wp:featuredmedia":[{"embeddable":true,"href":"https:\/\/www.europesays.com\/fr\/wp-json\/wp\/v2\/media\/1130614"}],"wp:attachment":[{"href":"https:\/\/www.europesays.com\/fr\/wp-json\/wp\/v2\/media?parent=1130613"}],"wp:term":[{"taxonomy":"category","embeddable":true,"href":"https:\/\/www.europesays.com\/fr\/wp-json\/wp\/v2\/categories?post=1130613"},{"taxonomy":"post_tag","embeddable":true,"href":"https:\/\/www.europesays.com\/fr\/wp-json\/wp\/v2\/tags?post=1130613"}],"curies":[{"name":"wp","href":"https:\/\/api.w.org\/{rel}","templated":true}]}}