{"id":113067,"date":"2025-05-20T00:43:09","date_gmt":"2025-05-20T00:43:09","guid":{"rendered":"https:\/\/www.europesays.com\/fr\/113067\/"},"modified":"2025-05-20T00:43:09","modified_gmt":"2025-05-20T00:43:09","slug":"pascal-praud-etrille-le-festival-de-cannes-sur-cnews","status":"publish","type":"post","link":"https:\/\/www.europesays.com\/fr\/113067\/","title":{"rendered":"Pascal Praud \u00e9trille le Festival de Cannes sur CNews"},"content":{"rendered":"<p>L\u2019animateur de \u00abL\u2019Heure des pros\u00bb a vivement critiqu\u00e9 les discours de Laurent Lafitte et de Juliette Binoche qui n\u2019ont pas \u00e9voqu\u00e9 le sort de l\u2019\u00e9crivain Boualem Sansal, emprisonn\u00e9 en Alg\u00e9rie.<\/p>\n<p class=\"fig-paragraph\">Un silence qui n\u2019est pas du go\u00fbt de\u00a0<a href=\"http:\/\/tvmag.lefigaro.fr\/programme-tv\/actu-tele\/sa-presence-est-indispensable-a-cnews-sonia-mabrouk-refuse-la-proposition-de-bfmtv-pascal-praud-reagit-20250506\" target=\"_blank\" data-fig-type=\"Article\" rel=\"noopener\" data-gtm-custom-categorie=\"navigation\" data-gtm-custom-action=\"crossclick\" data-gtm-custom-label=\"Contextuel\" data-gtm-event=\"customEventSPE\" data-fig-domain=\"TVMAG\"><strong>Pascal Praud<\/strong><\/a> . Le journaliste regrette que parmi toutes les causes \u00e9voqu\u00e9es lors de la c\u00e9r\u00e9monie d\u2019ouverture du\u00a0<a href=\"https:\/\/recherche.lefigaro.fr\/recherche\/cannes\/?publication=tvmag.lefigaro.fr\" target=\"_blank\" rel=\"noopener\" data-gtm-custom-categorie=\"navigation\" data-gtm-custom-action=\"crossclick\" data-gtm-custom-label=\"Contextuel\" data-gtm-event=\"customEventSPE\"><strong>Festival de Cannes<\/strong><\/a>, manque \u00e0 l\u2019appel\u00a0<a href=\"http:\/\/www.lefigaro.fr\/vox\/politique\/gilles-william-goldnadel-le-silence-autour-de-boualem-sansal-consequence-du-masochisme-francais-20250519\" target=\"_blank\" data-fig-type=\"Article\" rel=\"noopener\" data-gtm-custom-categorie=\"navigation\" data-gtm-custom-action=\"crossclick\" data-gtm-custom-label=\"Contextuel\" data-gtm-event=\"customEventSPE\" data-fig-domain=\"LEFIGARO\">Boualem Sansal<\/a>. L\u2019\u00e9crivain est emprisonn\u00e9 depuis plus de six mois par le r\u00e9gime alg\u00e9rien.<\/p>\n<p class=\"fig-paragraph\">\u00abToutes ces personnes qui d\u00e9fendent la libert\u00e9 d\u2019expression, qui d\u00e9fendent la libert\u00e9 artistique et qui ont raison, qui s\u2019indignent des guerres ailleurs n\u2019arrivent pas une fois \u00e0 prononcer le nom de Boualem Sansal et \u00e0 se battre pour lib\u00e9rer un Fran\u00e7ais, un grand \u00e9crivain. Son nom n\u2019a pas \u00e9t\u00e9 prononc\u00e9 par aucun des artistes, ni par la ministre de la Culture\u00bb, a d\u00e9clar\u00e9 ce lundi 19 mai au matin sur France 2 David Lisnard, maire LR de Cannes.<\/p>\n<p class=\"fig-paragraph\">\u00abDes propos courageux, \u00e7a vient perturber la doxa du moment\u00bb, estime ce soir Pascal Praud sur CNews avant d\u2019ajouter\u00a0: \u00abC\u2019est tellement r\u00e9v\u00e9lateur de la soci\u00e9t\u00e9 fran\u00e7aise\u00bb. Le journaliste focalise ensuite ses critiques sur\u00a0<a href=\"http:\/\/tvmag.lefigaro.fr\/programme-tv\/ce-soir-tele\/laurent-laffite-maitre-de-ceremonie-du-festival-de-cannes-j-aime-l-adrenaline-20250513\" target=\"_blank\" data-fig-type=\"Article\" rel=\"noopener\" data-gtm-custom-categorie=\"navigation\" data-gtm-custom-action=\"crossclick\" data-gtm-custom-label=\"Contextuel\" data-gtm-event=\"customEventSPE\" data-fig-domain=\"TVMAG\">Laurent Lafitte<\/a>\u00a0et Juliette Binoche, respectivement ma\u00eetre de c\u00e9r\u00e9monie et pr\u00e9sidente du jury cette ann\u00e9e.<\/p>\n<p><strong>Lafitte et Binoche dans le viseur de Praud<\/strong><\/p>\n<p class=\"fig-paragraph\">\u00ab\u00c0 l\u2019heure o\u00f9 le climat, l\u2019\u00e9quit\u00e9, le f\u00e9minisme, les LGBTQIA+, les migrants, le racisme ne sont plus seulement des sujets de films, mais les mots interdits par la premi\u00e8re puissance mondiale, nous avons le devoir de nous demander quelle sera notre prise de parole et si nous en aurons le courage\u00bb, a d\u00e9clam\u00e9 Laurent Laffite mardi dernier sur la sc\u00e8ne du Palais des Festivals.<\/p>\n<p class=\"fig-paragraph\">\u00abIl a enfil\u00e9 toutes les perles, toutes les banalit\u00e9s que l\u2019on peut dire dans ces cas-l\u00e0\u00bb, commente Pascal Praud. Quant \u00e0 Juliette Binoche, \u00abelle a fait exactement la m\u00eame chose\u00bb. \u00abOn a entendu \u00e7a 12 millions de fois. Et pas un ne parle de Boualem Sansal. Les gens en ont assez des donneurs de le\u00e7ons et notamment des artistes. Ils en ont ras le bol\u00bb, conclut l\u2019animateur de \u00abL\u2019heure des pros\u00bb.<\/p>\n<p class=\"fig-paragraph\"><strong>\u00c0 VOIR AUSSI &#8211;<\/strong> \u00abCyril Hanouna et Pascal Praud sont tr\u00e8s bruyants\u00bb\u00a0: Pascal Bataille cash sur les animateurs agit\u00e9s du PAF<\/p>\n<p>\u00a0\u00bb<br \/>\n        data-script=\u00a0\u00bbhttps:\/\/static.lefigaro.fr\/widget-video\/short-ttl\/video\/index.js\u00a0\u00bb<br \/>\n    &gt;<\/p>\n","protected":false},"excerpt":{"rendered":"L\u2019animateur de \u00abL\u2019Heure des pros\u00bb a vivement critiqu\u00e9 les discours de Laurent Lafitte et de Juliette Binoche qui&hellip;\n","protected":false},"author":2,"featured_media":113068,"comment_status":"","ping_status":"","sticky":false,"template":"","format":"standard","meta":{"footnotes":""},"categories":[8],"tags":[497,496,499,58,59,5634,1011,27,5683,23272,500,504,505,495,10160,503,502,501,498],"class_list":{"0":"post-113067","1":"post","2":"type-post","3":"status-publish","4":"format-standard","5":"has-post-thumbnail","7":"category-divertissement","8":"tag-actu-tv","9":"tag-actualite-tv","10":"tag-buzz-tv","11":"tag-divertissement","12":"tag-entertainment","13":"tag-festival-de-cannes","14":"tag-fr","15":"tag-france","16":"tag-juliette-binoche","17":"tag-laurent-lafitte","18":"tag-medias","19":"tag-news-tele","20":"tag-news-television","21":"tag-news-tv","22":"tag-pascal-praud","23":"tag-programme-tele","24":"tag-programme-tv","25":"tag-quiz-tv","26":"tag-tv-actu"},"share_on_mastodon":{"url":"https:\/\/pubeurope.com\/@fr\/114537392134839401","error":""},"_links":{"self":[{"href":"https:\/\/www.europesays.com\/fr\/wp-json\/wp\/v2\/posts\/113067","targetHints":{"allow":["GET"]}}],"collection":[{"href":"https:\/\/www.europesays.com\/fr\/wp-json\/wp\/v2\/posts"}],"about":[{"href":"https:\/\/www.europesays.com\/fr\/wp-json\/wp\/v2\/types\/post"}],"author":[{"embeddable":true,"href":"https:\/\/www.europesays.com\/fr\/wp-json\/wp\/v2\/users\/2"}],"replies":[{"embeddable":true,"href":"https:\/\/www.europesays.com\/fr\/wp-json\/wp\/v2\/comments?post=113067"}],"version-history":[{"count":0,"href":"https:\/\/www.europesays.com\/fr\/wp-json\/wp\/v2\/posts\/113067\/revisions"}],"wp:featuredmedia":[{"embeddable":true,"href":"https:\/\/www.europesays.com\/fr\/wp-json\/wp\/v2\/media\/113068"}],"wp:attachment":[{"href":"https:\/\/www.europesays.com\/fr\/wp-json\/wp\/v2\/media?parent=113067"}],"wp:term":[{"taxonomy":"category","embeddable":true,"href":"https:\/\/www.europesays.com\/fr\/wp-json\/wp\/v2\/categories?post=113067"},{"taxonomy":"post_tag","embeddable":true,"href":"https:\/\/www.europesays.com\/fr\/wp-json\/wp\/v2\/tags?post=113067"}],"curies":[{"name":"wp","href":"https:\/\/api.w.org\/{rel}","templated":true}]}}