{"id":113075,"date":"2025-05-20T00:47:13","date_gmt":"2025-05-20T00:47:13","guid":{"rendered":"https:\/\/www.europesays.com\/fr\/113075\/"},"modified":"2025-05-20T00:47:13","modified_gmt":"2025-05-20T00:47:13","slug":"on-nen-veut-a-personne-et-on-appelle-au-calme-a-montereau-des-familles-sous-le-choc-apres-laccident-mortel","status":"publish","type":"post","link":"https:\/\/www.europesays.com\/fr\/113075\/","title":{"rendered":"\u00ab\u00a0On n\u2019en veut \u00e0 personne et on appelle au calme\u00a0\u00bb\u00a0: \u00e0 Montereau, des familles sous le choc apr\u00e8s l\u2019accident mortel"},"content":{"rendered":"<p class=\"paragraph text_align_left\">Kevin ne verra plus rien de tout cela. Il \u00e9tait le passager avant de la Peugeot 307 qui a eu <a href=\"https:\/\/www.leparisien.fr\/seine-et-marne-77\/montereau-trois-morts-et-quatre-blesses-dans-un-accident-de-la-route-18-05-2025-UPCPHCNU3ZER5GCPBV5G44ITVE.php\" target=\"_self\" rel=\"nofollow noopener\">un accident sur la route de La Grande-Paroisse<\/a>, la D 39, \u00e0 l\u2019entr\u00e9e ouest de Montereau (Seine-et-Marne), ce dimanche vers 1 heure du matin. Le choc du v\u00e9hicule contre le mur sur la droite de la chauss\u00e9e, apr\u00e8s une perte de contr\u00f4le dont l\u2019enqu\u00eate de police devra d\u00e9terminer les circonstances, a \u00e9t\u00e9 terrible. Deux jeunes, des mineurs, meurent dans la collision. L\u2019\u00e9tat du mur, en miettes \u00e0 l\u2019endroit de l\u2019impact, t\u00e9moigne de la violence de l\u2019accident.<\/p>\n","protected":false},"excerpt":{"rendered":"Kevin ne verra plus rien de tout cela. Il \u00e9tait le passager avant de la Peugeot 307 qui&hellip;\n","protected":false},"author":2,"featured_media":113076,"comment_status":"","ping_status":"","sticky":false,"template":"","format":"standard","meta":{"footnotes":""},"categories":[4],"tags":[11,1011,27,1944,12,25,1937],"class_list":{"0":"post-113075","1":"post","2":"type-post","3":"status-publish","4":"format-standard","5":"has-post-thumbnail","7":"category-france","8":"tag-actualites","9":"tag-fr","10":"tag-france","11":"tag-ma-ville","12":"tag-news","13":"tag-republique-francaise","14":"tag-seine-et-marne"},"share_on_mastodon":{"url":"https:\/\/pubeurope.com\/@fr\/114537407674043968","error":""},"_links":{"self":[{"href":"https:\/\/www.europesays.com\/fr\/wp-json\/wp\/v2\/posts\/113075","targetHints":{"allow":["GET"]}}],"collection":[{"href":"https:\/\/www.europesays.com\/fr\/wp-json\/wp\/v2\/posts"}],"about":[{"href":"https:\/\/www.europesays.com\/fr\/wp-json\/wp\/v2\/types\/post"}],"author":[{"embeddable":true,"href":"https:\/\/www.europesays.com\/fr\/wp-json\/wp\/v2\/users\/2"}],"replies":[{"embeddable":true,"href":"https:\/\/www.europesays.com\/fr\/wp-json\/wp\/v2\/comments?post=113075"}],"version-history":[{"count":0,"href":"https:\/\/www.europesays.com\/fr\/wp-json\/wp\/v2\/posts\/113075\/revisions"}],"wp:featuredmedia":[{"embeddable":true,"href":"https:\/\/www.europesays.com\/fr\/wp-json\/wp\/v2\/media\/113076"}],"wp:attachment":[{"href":"https:\/\/www.europesays.com\/fr\/wp-json\/wp\/v2\/media?parent=113075"}],"wp:term":[{"taxonomy":"category","embeddable":true,"href":"https:\/\/www.europesays.com\/fr\/wp-json\/wp\/v2\/categories?post=113075"},{"taxonomy":"post_tag","embeddable":true,"href":"https:\/\/www.europesays.com\/fr\/wp-json\/wp\/v2\/tags?post=113075"}],"curies":[{"name":"wp","href":"https:\/\/api.w.org\/{rel}","templated":true}]}}