{"id":113081,"date":"2025-05-20T00:50:11","date_gmt":"2025-05-20T00:50:11","guid":{"rendered":"https:\/\/www.europesays.com\/fr\/113081\/"},"modified":"2025-05-20T00:50:11","modified_gmt":"2025-05-20T00:50:11","slug":"vente-aux-encheres-exceptionnelle-a-saint-etienne-ce-mercredi-21-mai-2025","status":"publish","type":"post","link":"https:\/\/www.europesays.com\/fr\/113081\/","title":{"rendered":"Vente aux ench\u00e8res exceptionnelle \u00e0 Saint-Etienne ce mercredi 21 mai 2025"},"content":{"rendered":"<p><img loading=\"lazy\" decoding=\"async\" alt=\"\u00a9 Millon Riviera - Vente aux ench\u00e8res publiques.\" data-zoom-src=\"https:\/\/www.europesays.com\/fr\/wp-content\/uploads\/2025\/05\/initial-journes-marteau-2025-loire.jpg\" data-zoomable=\"\" height=\"702\" src=\"https:\/\/www.europesays.com\/fr\/wp-content\/uploads\/2025\/05\/initial-journes-marteau-2025-loire.jpg\" width=\"1248\"\/>  <\/p>\n<p class=\"article-desc\">\u00a9 Millon Riviera &#8211; Vente aux ench\u00e8res publiques. <\/p>\n<p>Port\u00e9es par le Symev (Syndicat national des maisons de ventes volontaires), les Journ\u00e9es Marteau 2025 sont de retour du 19 au 25 mai 2025, avec pour objectif de familiariser\u00a0le grand public au processus de <strong>vente aux ench\u00e8res<\/strong>. <\/p>\n<p>Les ventes orchestr\u00e9es par un commissaire-priseur officiant au sein d\u2019une maison de ventes contribuent \u00e0 la sauvegarde du patrimoine. Leur r\u00f4le est aussi d\u2019accompagner les vendeurs \u00e0 toutes les \u00e9tapes de leur vie pour rembourser des dettes, lors d\u2019un divorce, d\u2019un d\u00e9m\u00e9nagement ou d\u2019un d\u00e9c\u00e8s. <\/p>\n<p>Vente aux ench\u00e8res \u00e0 Saint-\u00c9tienne : Bedri Rahmi Ey\u00fcboglu, Pablo Picasso, Jean Bichier ou encore Matisse <\/p>\n<p><strong>Mercredi 21 mai \u00e0 18h<\/strong>, le groupe Ivoire organise la deuxi\u00e8me \u00e9dition de son Ivoire live Tour. Treize h\u00f4tels des ventes dont celui du Marais \u00e0 Saint-\u00c9tienne seront en multiplex pour une vente prestige. <\/p>\n<p>Dans le catalogue de 85 lots de ces ench\u00e8res, figurent pour l&rsquo;h\u00f4tel des ventes st\u00e9phanois deux tableaux de <strong>Bedri Rahmi Ey\u00fcboglu<\/strong>, un peintre, \u00e9crivain et po\u00e8te turc avec un Autoportrait de l&rsquo;artiste et un Portrait de femme.<\/p>\n<p>On retrouve \u00e9galement une \u0153uvre de Jean Helion, pseudonyme de <strong>Jean Bichier<\/strong>, peintre et graveur fran\u00e7ais ou encore une statuette \u00e9questre en bronze du sculpteur\u00a0Fran\u00e7ois Girardon. <\/p>\n<p>Mais seront aussi propos\u00e9s, des dessins \u00e0 l&rsquo;encre de <strong>Matisse <\/strong>par Ivoire Aix-en-Provence ou encore un vase de <strong>Pablo Picasso<\/strong> ou une pendulette de voyage de Cartier par Ivoire Besan\u00e7on. <\/p>\n","protected":false},"excerpt":{"rendered":"\u00a9 Millon Riviera &#8211; Vente aux ench\u00e8res publiques. Port\u00e9es par le Symev (Syndicat national des maisons de ventes&hellip;\n","protected":false},"author":2,"featured_media":113082,"comment_status":"","ping_status":"","sticky":false,"template":"","format":"standard","meta":{"footnotes":""},"categories":[9653],"tags":[1111,11,3734,2430,1777,674,1011,27,12,25,4001],"class_list":{"0":"post-113081","1":"post","2":"type-post","3":"status-publish","4":"format-standard","5":"has-post-thumbnail","7":"category-saint-etienne","8":"tag-actu","9":"tag-actualites","10":"tag-art","11":"tag-auvergne-rhone-alpes","12":"tag-eu","13":"tag-europe","14":"tag-fr","15":"tag-france","16":"tag-news","17":"tag-republique-francaise","18":"tag-saint-etienne"},"share_on_mastodon":{"url":"https:\/\/pubeurope.com\/@fr\/114537419572449437","error":""},"_links":{"self":[{"href":"https:\/\/www.europesays.com\/fr\/wp-json\/wp\/v2\/posts\/113081","targetHints":{"allow":["GET"]}}],"collection":[{"href":"https:\/\/www.europesays.com\/fr\/wp-json\/wp\/v2\/posts"}],"about":[{"href":"https:\/\/www.europesays.com\/fr\/wp-json\/wp\/v2\/types\/post"}],"author":[{"embeddable":true,"href":"https:\/\/www.europesays.com\/fr\/wp-json\/wp\/v2\/users\/2"}],"replies":[{"embeddable":true,"href":"https:\/\/www.europesays.com\/fr\/wp-json\/wp\/v2\/comments?post=113081"}],"version-history":[{"count":0,"href":"https:\/\/www.europesays.com\/fr\/wp-json\/wp\/v2\/posts\/113081\/revisions"}],"wp:featuredmedia":[{"embeddable":true,"href":"https:\/\/www.europesays.com\/fr\/wp-json\/wp\/v2\/media\/113082"}],"wp:attachment":[{"href":"https:\/\/www.europesays.com\/fr\/wp-json\/wp\/v2\/media?parent=113081"}],"wp:term":[{"taxonomy":"category","embeddable":true,"href":"https:\/\/www.europesays.com\/fr\/wp-json\/wp\/v2\/categories?post=113081"},{"taxonomy":"post_tag","embeddable":true,"href":"https:\/\/www.europesays.com\/fr\/wp-json\/wp\/v2\/tags?post=113081"}],"curies":[{"name":"wp","href":"https:\/\/api.w.org\/{rel}","templated":true}]}}