{"id":113086,"date":"2025-05-20T00:53:17","date_gmt":"2025-05-20T00:53:17","guid":{"rendered":"https:\/\/www.europesays.com\/fr\/113086\/"},"modified":"2025-05-20T00:53:17","modified_gmt":"2025-05-20T00:53:17","slug":"quand-le-theatre-interroge-le-lien-lamour-et-ce-qui-fait-sens-a-ladolescence-ne-ratez-pas-il-faudra-que-lon-saime-mercredi-soir-a-lespace-tisot-a-la-se","status":"publish","type":"post","link":"https:\/\/www.europesays.com\/fr\/113086\/","title":{"rendered":"Quand le th\u00e9\u00e2tre interroge le lien, l\u2019amour et ce qui fait sens \u00e0 l\u2019adolescence: ne ratez pas \u00ab\u00a0Il faudra que l\u2019on s\u2019aime\u00a0\u00bb mercredi soir \u00e0 l\u2019Espace Tisot \u00e0 La Seyne"},"content":{"rendered":"<p>Elle porte la parole de l\u2019adolescence vol\u00e9e, bless\u00e9e, fractur\u00e9e dans un monde qui perd ses rep\u00e8res. Depuis 2023 et Il faudra que tu m\u2019aimes le jour o\u00f9 j\u2019aimerai pour la premi\u00e8re fois sans toi -cr\u00e9ation en partenariat avec la Sc\u00e8ne nationale Ch\u00e2teauvallon Libert\u00e9- La Seynoise Alexandra Cismondi nourrit la m\u00e9moire collective par le prisme d\u2019une jeunesse aux maux lourds de sens. Symptomes d\u2019une v\u00e9rit\u00e9 que parfois, on n\u2019entend pas. Qu\u2019on ne veut pas entendre. Un texte fort autour d\u2019une famille frapp\u00e9e par le deuil, apr\u00e8s la mort tragique de son ado dans des circonstances dramatiques. Suit l\u2019absence avec laquelle il faut apprendre \u00e0 vivre. Un propos port\u00e9 par une mise en sc\u00e8ne entre conte et po\u00e9sie de l\u2019absurde, comme Alexandra Cismondi aime faire r\u00e9sonner sa parole.<\/p>\n<p>Aujourd\u2019hui, l\u2019artiste poursuit, avec sa compagnie Vertiges, sa crise d\u2019adolescence avec deux formats courts, n\u00e9s de cette famille en deuil. \u00ab\u00a0Le spectacle a \u00e9t\u00e9 jou\u00e9 trois semaines au th\u00e9\u00e2tre Paris-Villette, qui m\u2019a propos\u00e9 aussi d\u2019adapter le texte et la mise en sc\u00e8ne pour le jouer dans les coll\u00e8ges et les lyc\u00e9es\u00a0\u00bb, explique-t-elle.<\/p>\n<p>Elle se pr\u00eate au jeu de la recomposition \u00e0 travers une master class \u2013 l\u00e0 encore propos\u00e9e par le th\u00e9\u00e2tre Paris-Villette \u2013 avec des jeunes \u00e9tudiants tout juste sortis de l\u2019\u00e9cole de th\u00e9\u00e2tre.<\/p>\n<p>Th\u00e8mes du spectacle, chutes de textes, sc\u00e8nes coup\u00e9es nourrissent la mati\u00e8re: \u00ab\u00a0C&rsquo;est hyperint\u00e9ressant pour un artiste, parce que du coup, tu re-rentres dans la cr\u00e9ation un an deux ans plus tard. Tu replonges et tu te rends compte des points que tu avais choisi de ne pas explorer\u2026\u00a0\u00bb, confie Alexandra Cismondi. Une nouvelle introspection dans l\u2019\u00e9criture qui aboutit \u00e0 deux formats courts de trente minutes environ.<\/p>\n<p>C\u2019est quoi \u00ab\u00a0\u00eatre ensemble\u00a0\u00bb?<\/p>\n<p>Sur sc\u00e8ne, cinq des jeunes com\u00e9diens, avec qui elle a travaill\u00e9 en master class, encha\u00eenent les r\u00f4les dans ces deux \u00e9pisodes de la vie de quelques coll\u00e9giens\/lyc\u00e9ens qui s\u2019engagent, cherchent, balbutient, hurlent. Ces jeunes gens (et leurs professeurs baroques, follement investis et\/ou totalement d\u00e9prim\u00e9s) trouvent que la langue dit trop ou pas assez. Qu\u2019il faut aussi agir, que l\u2019\u00e9poque d\u00e9vaste, que personne ne fait rien, que l\u2019amour ne commence pas toujours sur des l\u00e8vres. Et ils d\u00e9couvrent autour d\u2019un \u00e9v\u00e9nement, d\u2019une action, d\u2019un cours d\u2019\u00e9ducation sexuelle ou d\u2019empathie la force du groupe.<\/p>\n<p>Et puis surtout, c\u2019est quoi \u00eatre ensemble? Faire exp\u00e9rience ensemble? D\u00e9cider de changer les choses et peut-\u00eatre r\u00e9parer ensemble? Pour porter ce propos, Alexandra Cismondi en appelle \u00e0 son univers sc\u00e9nique baroque et un brin barr\u00e9, haut en couleur\u2026 Pour rire, s\u2019\u00e9mouvoir, s\u2019interroger surtout.  \u00ab\u00a0Il faudra (vraiment) que l\u2019on s\u2019aime tr\u00e8s fort pour continuer \u00e0 faire tenir le monde dans le lequel on vit.\u00a0\u00bb Sans y perdre l\u2019esprit.<\/p>\n<p>En tourn\u00e9e l\u2019an prochain<\/p>\n<p>Destin\u00e9 \u00e0 \u00eatre jou\u00e9 en coll\u00e8ges et lyc\u00e9es, Il faudra que l\u2019on s\u2019aime touche cependant tout le monde, raison pour laquelle il est pr\u00e9sent\u00e9 mercredi 21 mai \u00e0 tous les publics (\u00e0 partir de 14 ans) \u00e0 l\u2019Espace Tisot \u00e0 La Seyne.<\/p>\n<p>Fort d\u2019un partenariat avec la Sc\u00e8ne nationale Ch\u00e2teauvallon-Libert\u00e9, le spectacle sera en tourn\u00e9e en octobre prochain dans les \u00e9tablissements scolaires.<\/p>\n<p>Il sera \u00e9galement propos\u00e9 par Le P\u00f4le en d\u00e9cembre, puis Le Carr\u00e9 Sainte-Maxime au printemps 2026.<\/p>\n<p>, \u00e9crit et mis en sc\u00e8ne par Alexandra Cismondi, le 21 mai \u00e0 20h30\u00e0 l\u2019Espace Tisot \u00e0 la Seyne. avec Lea Casadamont, Ella Grizard, Come Luquet, Marie-Lou Nessi, Elio Massignat. Musiques: Beno\u00eet Olive \/ Cyril Colombo. R\u00e9gie lumi\u00e8re: Yann Gobert. Une coproduction Vertiges Cie et le Th\u00e9\u00e2tre Paris Villette. Tarifs: 15 euros. Res. 04.94.06.94.77.<\/p>\n<p>Un roman en 2026<\/p>\n<p>Artiste plurisdisciplinaire, Alexandra Cismondi explore l\u2019\u00e9criture sous une autre forme: un roman, \u00e0 para\u00eetre l\u2019ann\u00e9e prochaine aux \u00e9ditions Anne Carri\u00e8re. L\u2019histoire d\u2019une jeune femme qui perd l\u2019\u00eatre qu\u2019elle aime dans un terrible accident de scooter. Une exp\u00e9rience que l\u2019autrice a elle-m\u00eame v\u00e9cue \u00e0 Paris. Entre les souvenirs d\u2019une vie r\u00eav\u00e9e et la r\u00e9alit\u00e9, on remonte le fil du temps, au moment de leur rencontre. \u00ab\u00a0Et c&rsquo;est toute l&rsquo;histoire d&rsquo;une d\u00e9couverte d&rsquo;une identit\u00e9 sexuelle, de genre et de vie et de positionnement social et familial dans les ann\u00e9es 2000, en fait, de 2000 \u00e0 2007, qui sont des ann\u00e9es dans lesquelles le mariage gay n&rsquo;est pas autoris\u00e9\u2026\u00a0\u00bb confie Alexandra Cismondi. Un roman de fiction, f\u00e9ministe mais empreint de la propre vie de son autrice, qui interroge aussi sur comment devenir une femme d\u2019aujourd\u2019hui quand on ne sait pas du tout qui on est.<\/p>\n<p>En attendant, la com\u00e9dienne est aussi au casting du programme court Interim\u2019air, sur Teva. Une s\u00e9rie produite par Dominique Farrugia, \u00e9crite et interpr\u00e9t\u00e9e par jos\u00e9phine Dra\u00ef. \u00ab\u00a0elle a su recr\u00e9er une famille de com\u00e9diens, une bande \u00e0 la mani\u00e8re du Splendid\u00a0\u00bb, salue Alexandra Cismondi, qui joue mais a \u00e9galement co\u00e9crit certaines sc\u00e8nes.<\/p>\n<p>              <img ci-src=\"https:\/\/www.varmatin.com\/theatre\/protec\/DATA_ART_15543170-eFd95Tag.jpg?vh=fdefd9&amp;ci_seal=c7fc342c65\" alt=\"\"\/><br \/>\n        Alexandra Cismondi. &#13;<br \/>\n <strong>Photo Olivier Allard.<\/strong> <\/p>\n<p>            Sa prochaine cr\u00e9ation sera \u00ab\u00a0Magistra.l.e.s\u00a0\u00bb<\/p>\n<p>Il est au casting d\u2019Il faudra que l\u2019on s\u2019aime: Elio Massignat sera huissier, greffier, accus\u00e9, coupable, amant, une sorte de M. Loyal aussi dans la prochaine cr\u00e9ation th\u00e9\u00e2trale d\u2019Alexandra Cismondi. Magistral.e.s. L&rsquo;histoire d&rsquo;un proc\u00e8s pour viol sur une jeune fille de 11 ans.<\/p>\n<p>L\u2019affaire Sarah, ou l\u2019affaire dite de Pontoise dans les m\u00e9dias, remonte \u00e0 2017. C&rsquo;est une jeune fille de 11 ans viol\u00e9e par un homme de 28 ans. \u00ab\u00a0La jeune fille dira pendant le proc\u00e8s qu\u2019il ne pouvait pas savoir qu\u2019elle n\u2019\u00e9tait pas consentante parce qu\u2019elle n\u2019a jamais dit non, l\u2019homme dira qu\u2019il ne savait pas qu\u2019elle n\u2019avait que 11 ans parce qu\u2019elle a l\u2019allure d\u2019une jeune fille de 16 ans.\u00a0\u00bb\u00a0Condamn\u00e9 une premi\u00e8re fois \u00e0 huit ans de prison, il sera rejug\u00e9 en appel et verra sa peine r\u00e9duite. Cette affaire avait d\u00e9clench\u00e9 le changement de seuil du consentement dans la loi.<\/p>\n<p>En travaillant sur ce projet, Alexandra Cismondi s\u2019est rendue compte que 86% des m\u00e9tiers de la justice \u00e9taient occup\u00e9s par des femmes \u00ab\u00a0ce sont les femmes qui font tourner la machine judiciaire. Je me suis int\u00e9ress\u00e9e \u00e0 ces figures de femmes et j&rsquo;ai cr\u00e9\u00e9 un casting o\u00f9 on va avoir une juge d&rsquo;instruction, une avocate g\u00e9n\u00e9rale ou procureure de la R\u00e9publique, une avocate de la D\u00e9fense et une avocate des parties civiles\u2026\u00a0\u00bb\u00a0et un seul homme: l\u2019accus\u00e9.<\/p>\n<p><strong>\u00ab\u00a0J&rsquo;aime l&rsquo;id\u00e9e d&rsquo;une pi\u00e8ce qui remet vraiment le th\u00e9\u00e2tre au milieu de la cit\u00e9\u00a0\u00bb<\/strong><\/p>\n<p>Surtout, Alexandra Cismondi va faire rejouer tous les soirs, au plateau, le proc\u00e8s. Certains spectateurs, com\u00e9diens amateurs seront appel\u00e9s \u00e0 la barre pour t\u00e9moigner en qualit\u00e9 d\u2019enqu\u00eateur, d\u2019avocat, de repr\u00e9sentant d\u2019association f\u00e9ministe etc. D\u2019autres, enfin, seront choisis de fa\u00e7on totalement arbitraire, pour endosser le r\u00f4le de jur\u00e9. Et de juger l\u2019accus\u00e9. \u00ab\u00a0J\u2019aime l\u2019id\u00e9e d\u2019une pi\u00e8ce qui remet vraiment le th\u00e9\u00e2tre au milieu de la cit\u00e9, comme dans l\u2019antiquit\u00e9 grecque.\u00a0\u00bb\u00a0Cette nouvelle cr\u00e9ation devrait \u00eatre propos\u00e9e \u00e0 l\u2019automne 2026.K.M.<\/p>\n<p>Cette cr\u00e9ation est soutenue par la Sc\u00e8ne nationale Ch\u00e2teauvallon- Libert\u00e9, Le P\u00f4le, le Th\u00e9\u00e2tre des Halles \u00e0 Avignon, la Sc\u00e8ne nationale de Martigues, la sc\u00e8ne nationale de la passerelle \u00e0 Gap, le th\u00e9\u00e2tre Paris-Villette \u00e0 Paris.<\/p>\n<p>              <img ci-src=\"https:\/\/www.varmatin.com\/theatre\/protec\/DATA_ART_15543176-9MG01VXp.jpg?vh=9a5cb6&amp;ci_seal=00316e09ba\" alt=\"\"\/><br \/>\n         <strong>Photo DR.<\/strong> <\/p>\n","protected":false},"excerpt":{"rendered":"Elle porte la parole de l\u2019adolescence vol\u00e9e, bless\u00e9e, fractur\u00e9e dans un monde qui perd ses rep\u00e8res. Depuis 2023&hellip;\n","protected":false},"author":2,"featured_media":113087,"comment_status":"","ping_status":"","sticky":false,"template":"","format":"standard","meta":{"footnotes":""},"categories":[9619],"tags":[1111,11,251,1777,674,1011,27,12,882,25,1347,2310],"class_list":{"0":"post-113086","1":"post","2":"type-post","3":"status-publish","4":"format-standard","5":"has-post-thumbnail","7":"category-toulon","8":"tag-actu","9":"tag-actualites","10":"tag-culture","11":"tag-eu","12":"tag-europe","13":"tag-fr","14":"tag-france","15":"tag-news","16":"tag-provence-alpes-cote-dazur","17":"tag-republique-francaise","18":"tag-theatre","19":"tag-toulon"},"share_on_mastodon":{"url":"https:\/\/pubeurope.com\/@fr\/114537431375255616","error":""},"_links":{"self":[{"href":"https:\/\/www.europesays.com\/fr\/wp-json\/wp\/v2\/posts\/113086","targetHints":{"allow":["GET"]}}],"collection":[{"href":"https:\/\/www.europesays.com\/fr\/wp-json\/wp\/v2\/posts"}],"about":[{"href":"https:\/\/www.europesays.com\/fr\/wp-json\/wp\/v2\/types\/post"}],"author":[{"embeddable":true,"href":"https:\/\/www.europesays.com\/fr\/wp-json\/wp\/v2\/users\/2"}],"replies":[{"embeddable":true,"href":"https:\/\/www.europesays.com\/fr\/wp-json\/wp\/v2\/comments?post=113086"}],"version-history":[{"count":0,"href":"https:\/\/www.europesays.com\/fr\/wp-json\/wp\/v2\/posts\/113086\/revisions"}],"wp:featuredmedia":[{"embeddable":true,"href":"https:\/\/www.europesays.com\/fr\/wp-json\/wp\/v2\/media\/113087"}],"wp:attachment":[{"href":"https:\/\/www.europesays.com\/fr\/wp-json\/wp\/v2\/media?parent=113086"}],"wp:term":[{"taxonomy":"category","embeddable":true,"href":"https:\/\/www.europesays.com\/fr\/wp-json\/wp\/v2\/categories?post=113086"},{"taxonomy":"post_tag","embeddable":true,"href":"https:\/\/www.europesays.com\/fr\/wp-json\/wp\/v2\/tags?post=113086"}],"curies":[{"name":"wp","href":"https:\/\/api.w.org\/{rel}","templated":true}]}}