{"id":1130910,"date":"2026-08-16T18:10:17","date_gmt":"2026-08-16T18:10:17","guid":{"rendered":"https:\/\/www.europesays.com\/fr\/1130910\/"},"modified":"2026-08-16T18:10:17","modified_gmt":"2026-08-16T18:10:17","slug":"photos-football-coupe-de-france-hymont-sincline-logiquement-0-5-face-a-saint-nabord","status":"publish","type":"post","link":"https:\/\/www.europesays.com\/fr\/1130910\/","title":{"rendered":"Photos. Football. Coupe de France \u00a0:\u00a0 Hymont s&rsquo;incline logiquement (0-5) face \u00e0 Saint-Nabord"},"content":{"rendered":"<p>Ce dimanche 16 ao\u00fbt marquait la reprise officielle des clubs vosgiens \u00e0 travers le 1er tour de la Coupe de France. Nous avons choisi de suivre les d\u00e9bats entre le FC Hymont, un club qui est sur les fonts baptismaux et l&rsquo;AS Saint-Nabord. D\u00e9localis\u00e9e \u00e0 Poussay, la rencontre est tomb\u00e9e logiquement dans l&rsquo;escarcelle du club de D\u00e9partemental 1, qui a forg\u00e9 sa qualification en premi\u00e8re p\u00e9riode. Gr\u00e2ce \u00e0 un doubl\u00e9 de Sanogo et des r\u00e9alisations de G\u00e9hin puis Ben Cheikh. Quelques instants apr\u00e8s la pause, les Navoiriauds ont clos la marque encore par l&rsquo;interm\u00e9diaire de Sanogo. Retour sur ce match \u00e0 travers les images de notre photographe.<\/p>\n","protected":false},"excerpt":{"rendered":"Ce dimanche 16 ao\u00fbt marquait la reprise officielle des clubs vosgiens \u00e0 travers le 1er tour de la&hellip;\n","protected":false},"author":2,"featured_media":1130911,"comment_status":"","ping_status":"","sticky":false,"template":"","format":"standard","meta":{"footnotes":"","_share_on_mastodon":"0"},"categories":[4],"tags":[11,15922,1701,63,1011,27,2798,9540,116017,12,116016,25,47191,517,1700,774],"class_list":["post-1130910","post","type-post","status-publish","format-standard","has-post-thumbnail","category-france","tag-actualites","tag-coupe-de-france-de-football","tag-fil-info-sport","tag-football","tag-fr","tag-france","tag-galerie-photo","tag-galerie-sport","tag-hymont","tag-news","tag-poussay","tag-republique-francaise","tag-saint-nabord","tag-sport","tag-sport-lorrain","tag-vosges"],"share_on_mastodon":{"url":"https:\/\/pubeurope.com\/@fr\/117106535799312261","error":""},"_links":{"self":[{"href":"https:\/\/www.europesays.com\/fr\/wp-json\/wp\/v2\/posts\/1130910","targetHints":{"allow":["GET"]}}],"collection":[{"href":"https:\/\/www.europesays.com\/fr\/wp-json\/wp\/v2\/posts"}],"about":[{"href":"https:\/\/www.europesays.com\/fr\/wp-json\/wp\/v2\/types\/post"}],"author":[{"embeddable":true,"href":"https:\/\/www.europesays.com\/fr\/wp-json\/wp\/v2\/users\/2"}],"replies":[{"embeddable":true,"href":"https:\/\/www.europesays.com\/fr\/wp-json\/wp\/v2\/comments?post=1130910"}],"version-history":[{"count":0,"href":"https:\/\/www.europesays.com\/fr\/wp-json\/wp\/v2\/posts\/1130910\/revisions"}],"wp:featuredmedia":[{"embeddable":true,"href":"https:\/\/www.europesays.com\/fr\/wp-json\/wp\/v2\/media\/1130911"}],"wp:attachment":[{"href":"https:\/\/www.europesays.com\/fr\/wp-json\/wp\/v2\/media?parent=1130910"}],"wp:term":[{"taxonomy":"category","embeddable":true,"href":"https:\/\/www.europesays.com\/fr\/wp-json\/wp\/v2\/categories?post=1130910"},{"taxonomy":"post_tag","embeddable":true,"href":"https:\/\/www.europesays.com\/fr\/wp-json\/wp\/v2\/tags?post=1130910"}],"curies":[{"name":"wp","href":"https:\/\/api.w.org\/{rel}","templated":true}]}}