{"id":113093,"date":"2025-05-20T01:01:32","date_gmt":"2025-05-20T01:01:32","guid":{"rendered":"https:\/\/www.europesays.com\/fr\/113093\/"},"modified":"2025-05-20T01:01:32","modified_gmt":"2025-05-20T01:01:32","slug":"un-chien-abattu-dans-la-gare-par-la-surete-ferroviaire","status":"publish","type":"post","link":"https:\/\/www.europesays.com\/fr\/113093\/","title":{"rendered":"un chien abattu dans la gare par la s\u00fbret\u00e9 ferroviaire"},"content":{"rendered":"<p>                             Par Alexandra Perrini<\/p>\n<p>                Il y a 4 heures<\/p>\n<p>\u00a0\u00bb<br \/>\n        data-script=\u00a0\u00bbhttps:\/\/static.lefigaro.fr\/widget-video\/short-ttl\/video\/index.js\u00a0\u00bb<br \/>\n    &gt;<\/p>\n<p>L\u2019animal, un pitbull, appartenait \u00e0 un sans-abri. Dans des circonstances qui restent \u00e0 \u00e9tablir, le canid\u00e9 a mordu l\u2019un des agents. Ses coll\u00e8gues ont alors ouvert le feu sur l\u2019animal.<\/p>\n<p class=\"fig-paragraph\">Un chien de race\u00a0<a href=\"http:\/\/www.lefigaro.fr\/international\/italie-un-pitbull-mord-une-petite-fille-de-neuf-mois-et-la-tue-20250216\" data-fig-type=\"NewsFlash\" data-gtm-custom-categorie=\"navigation\" data-gtm-custom-action=\"crossclick\" data-gtm-custom-label=\"Contextuel\" data-gtm-event=\"customEventSPE\" data-fig-domain=\"LEFIGARO\" target=\"_blank\" rel=\"noopener\">pitbull\u00a0<\/a>a \u00e9t\u00e9 tu\u00e9 ce samedi dans la gare de\u00a0<a href=\"http:\/\/www.lefigaro.fr\/faits-divers\/rennes-un-individu-condamne-24-fois-mis-en-examen-pour-le-viol-et-le-meurtre-brutal-d-une-femme-de-73-ans-a-son-domicile-20250402\" data-fig-type=\"NewsFlash\" data-gtm-custom-categorie=\"navigation\" data-gtm-custom-action=\"crossclick\" data-gtm-custom-label=\"Contextuel\" data-gtm-event=\"customEventSPE\" data-fig-domain=\"LEFIGARO\" target=\"_blank\" rel=\"noopener\">Rennes\u00a0<\/a>par quatre agents de la s\u00fbret\u00e9 ferroviaire, a appris Le Figaro aupr\u00e8s du parquet de Rennes confirmant des informations d\u2019<a href=\"https:\/\/www.ouest-france.fr\/bretagne\/rennes-35000\/quatre-agents-de-la-police-ferroviaire-agresses-par-un-chien-lanimal-abattu-en-gare-de-rennes-32c4aa26-33b3-11f0-b184-9fce0c190a12\" target=\"_blank\" rel=\"nofollow noopener\" data-gtm-custom-categorie=\"navigation\" data-gtm-custom-action=\"crossclick\" data-gtm-custom-label=\"Contextuel\" data-gtm-event=\"customEventSPE\">Ouest France<\/a> . Le canid\u00e9 appartenait \u00e0 un sans-abri.<\/p>\n<p class=\"fig-paragraph\">Ce dernier, plac\u00e9 en garde \u00e0 vue au moment des faits, a toutefois \u00e9t\u00e9 laiss\u00e9 libre ce dimanche, \u00absans suite judiciaire dans l\u2019imm\u00e9diat, afin de v\u00e9rifier les contraventions susceptibles d\u2019\u00eatre reproch\u00e9es au propri\u00e9taire du chien\u00bb, a indiqu\u00e9 Fr\u00e9d\u00e9ric Teillet le procureur du tribunal de Rennes. Les conditions de l\u2019usage des armes par les agents de la s\u00fbret\u00e9 ferroviaire font \u00e9galement l\u2019objet d\u2019une v\u00e9rification.<\/p>\n<p>Un agent mordu<\/p>\n<p class=\"fig-paragraph\">Les faits se sont d\u00e9roul\u00e9s aux alentours de 20h30, \u00e0 proximit\u00e9 du restaurant McDonald\u2019s. Dans des circonstances qui restent \u00e0 \u00e9claircir, le pitbull a attaqu\u00e9 les agents et a mordu l\u2019un d\u2019eux. Pris de panique, les autres membres de la s\u00fbret\u00e9 ferroviaire ont alors ouvert le feu sur le canid\u00e9.<\/p>\n<p class=\"fig-paragraph\">Si les premi\u00e8res investigations semblaient \u00e9tablir que le sans-abri avait l\u00e2ch\u00e9 d\u00e9lib\u00e9r\u00e9ment le pitbull, \u00abni les t\u00e9moignages ni les vid\u00e9os ne permettent d\u2019accr\u00e9diter l\u2019id\u00e9e que le propri\u00e9taire du chien aurait incit\u00e9 son animal \u00e0 s\u2019en prendre aux agents de la s\u00fbret\u00e9 ferroviaire\u00bb, a d\u00e9clar\u00e9 Fr\u00e9d\u00e9ric Teillet. L\u2019enqu\u00eate se poursuit afin de d\u00e9terminer s\u2019il \u00e9tait notamment n\u00e9cessaire d\u2019abattre l\u2019animal.<\/p>\n","protected":false},"excerpt":{"rendered":"Par Alexandra Perrini Il y a 4 heures \u00a0\u00bb data-script=\u00a0\u00bbhttps:\/\/static.lefigaro.fr\/widget-video\/short-ttl\/video\/index.js\u00a0\u00bb &gt; L\u2019animal, un pitbull, appartenait \u00e0 un sans-abri.&hellip;\n","protected":false},"author":2,"featured_media":113094,"comment_status":"","ping_status":"","sticky":false,"template":"","format":"standard","meta":{"footnotes":""},"categories":[2821],"tags":[119,1111,11,3694,829,271,2951,3695,1777,674,3696,118,1011,27,2825,1253,303,12,1072,2694,584,25,2949],"class_list":{"0":"post-113093","1":"post","2":"type-post","3":"status-publish","4":"format-standard","5":"has-post-thumbnail","7":"category-rennes","8":"tag-accident","9":"tag-actu","10":"tag-actualites","11":"tag-affaires","12":"tag-bretagne","13":"tag-crime","14":"tag-criminalite","15":"tag-enquetes","16":"tag-eu","17":"tag-europe","18":"tag-evenements","19":"tag-faits-divers","20":"tag-fr","21":"tag-france","22":"tag-insecurite","23":"tag-islamisme","24":"tag-justice","25":"tag-news","26":"tag-police","27":"tag-proces","28":"tag-rennes","29":"tag-republique-francaise","30":"tag-violences"},"share_on_mastodon":{"url":"https:\/\/pubeurope.com\/@fr\/114537462671136044","error":""},"_links":{"self":[{"href":"https:\/\/www.europesays.com\/fr\/wp-json\/wp\/v2\/posts\/113093","targetHints":{"allow":["GET"]}}],"collection":[{"href":"https:\/\/www.europesays.com\/fr\/wp-json\/wp\/v2\/posts"}],"about":[{"href":"https:\/\/www.europesays.com\/fr\/wp-json\/wp\/v2\/types\/post"}],"author":[{"embeddable":true,"href":"https:\/\/www.europesays.com\/fr\/wp-json\/wp\/v2\/users\/2"}],"replies":[{"embeddable":true,"href":"https:\/\/www.europesays.com\/fr\/wp-json\/wp\/v2\/comments?post=113093"}],"version-history":[{"count":0,"href":"https:\/\/www.europesays.com\/fr\/wp-json\/wp\/v2\/posts\/113093\/revisions"}],"wp:featuredmedia":[{"embeddable":true,"href":"https:\/\/www.europesays.com\/fr\/wp-json\/wp\/v2\/media\/113094"}],"wp:attachment":[{"href":"https:\/\/www.europesays.com\/fr\/wp-json\/wp\/v2\/media?parent=113093"}],"wp:term":[{"taxonomy":"category","embeddable":true,"href":"https:\/\/www.europesays.com\/fr\/wp-json\/wp\/v2\/categories?post=113093"},{"taxonomy":"post_tag","embeddable":true,"href":"https:\/\/www.europesays.com\/fr\/wp-json\/wp\/v2\/tags?post=113093"}],"curies":[{"name":"wp","href":"https:\/\/api.w.org\/{rel}","templated":true}]}}