{"id":113095,"date":"2025-05-20T01:02:41","date_gmt":"2025-05-20T01:02:41","guid":{"rendered":"https:\/\/www.europesays.com\/fr\/113095\/"},"modified":"2025-05-20T01:02:41","modified_gmt":"2025-05-20T01:02:41","slug":"un-chantier-a-pres-de-30-millions-deuros-cette-piscine-centenaire-de-rennes-va-soffrir-une-nouvelle-jeunesse-avec-dimportants-travaux","status":"publish","type":"post","link":"https:\/\/www.europesays.com\/fr\/113095\/","title":{"rendered":"Un chantier \u00e0 pr\u00e8s de 30\u00a0millions d\u2019euros\u00a0: cette piscine centenaire de Rennes va s\u2019offrir une nouvelle jeunesse avec d\u2019importants travaux"},"content":{"rendered":"<p>Des g\u00e9n\u00e9rations de Rennais ont appris \u00e0 nager dans son bassin d\u00e9cor\u00e9 de mosa\u00efques Odorico. Mais voil\u00e0, la v\u00e9n\u00e9rable piscine Saint-Georges, une des rares piscines Art d\u00e9co encore en activit\u00e9 en France, commence \u00e0 se faire vieille.<\/p>\n<p>Class\u00e9e aux Monuments historiques, elle figure parmi les \u00e9quipements les plus consommateurs d\u2019eau et d\u2019\u00e9nergie du patrimoine rennais. Passoire thermique, b\u00e9ton ab\u00eem\u00e9\u2026 Ces d\u00e9fauts impliquent des co\u00fbts de fonctionnement \u00e9lev\u00e9s pour Rennes et ont d\u00e9j\u00e0 n\u00e9cessit\u00e9 des fermetures pour travaux.<\/p>\n<p>Une importante restauration est pr\u00e9vue entre janvier 2028 et juin 2030. Le co\u00fbt du chantier est estim\u00e9 \u00e0 27 970 000 euros. La Ville pr\u00e9cise que la piscine ne sera pas ferm\u00e9e totalement sur l\u2019int\u00e9gralit\u00e9 de la p\u00e9riode.<\/p>\n<p>Outre un remplacement complet des installations techniques, les travaux pr\u00e9voient une restauration des ouvrages de couverture, une isolation thermique et l\u2019ajout de panneaux absorbants acoustiques. Le bassin, qui pr\u00e9sente des fissures, sera remis \u00e0 neuf.<\/p>\n<p>Retour en 1926<\/p>\n<p>Principal d\u00e9fi de ce chantier : la municipalit\u00e9 souhaite en profiter pour redonner au lieu une apparence proche de celle qu\u2019il avait en 1926, au moment de son ouverture, par exemple en retrouvant les tribunes de jadis. Les mosa\u00efques seront d\u00e9pos\u00e9es puis remises en place.<\/p>\n<p>Le faux plafond qui surplombe les nageurs sera quant \u00e0 lui retir\u00e9 pour red\u00e9couvrir la grande vo\u00fbte en sous-face de toiture. Le jardin nord ouest sera \u00e9galement r\u00e9am\u00e9nag\u00e9 et la fontaine remise en \u00e9tat.<\/p>\n<p>Le chantier demande de conjuguer normes et obligations inh\u00e9rentes aux monuments historiques. Comment assurer la s\u00e9curit\u00e9 des personnes sans toucher \u00e0 la hauteur des garde-corps ? Que faire du plongeoir, inutilisable en l\u2019\u00e9tat mais qui fait partie du patrimoine ? Enfin, comment d\u00e9poser le faux plafond pour retrouver du volume sans faire exploser le co\u00fbt de traitement de l\u2019air, qui repr\u00e9sente 60 % des d\u00e9penses \u00e9nerg\u00e9tiques d\u2019un b\u00e2timent ?<\/p>\n<p>\u00ab Que de temps perdu \u00bb, critique l\u2019opposition<\/p>\n<p>Une fois ces d\u00e9fis r\u00e9solus, la Ville esp\u00e8re que ces travaux permettront de r\u00e9duire au moins de 20 % les consommations \u00e9nerg\u00e9tiques et de 10 % les consommations d\u2019eau du b\u00e2timent. Son statut de Monument historique permet \u00e9galement de solliciter des aides financi\u00e8res, notamment, de la fondation du patrimoine et autres acteurs priv\u00e9s.<\/p>\n<p>Antoine Cressard (opposition, R\u00e9v\u00e9ler Rennes), a salu\u00e9 la r\u00e9novation du \u00ab fleuron de notre patrimoine urbain \u00bb mais a critiqu\u00e9 son caract\u00e8re qu\u2019il juge tardif. \u00ab Mieux vaut tard que jamais\u2026 Si cette restauration avait \u00e9t\u00e9 lanc\u00e9e en d\u00e9but de mandat, cela aurait permis d\u2019\u00e9viter des incidents comme des chutes de b\u00e9ton mettant en danger agents et usagers\u2026 Que de temps perdu. \u00bb<\/p>\n","protected":false},"excerpt":{"rendered":"Des g\u00e9n\u00e9rations de Rennais ont appris \u00e0 nager dans son bassin d\u00e9cor\u00e9 de mosa\u00efques Odorico. Mais voil\u00e0, la&hellip;\n","protected":false},"author":2,"featured_media":113096,"comment_status":"","ping_status":"","sticky":false,"template":"","format":"standard","meta":{"footnotes":""},"categories":[2821],"tags":[1111,11,829,251,1777,674,1011,27,12,2551,584,25,10810],"class_list":{"0":"post-113095","1":"post","2":"type-post","3":"status-publish","4":"format-standard","5":"has-post-thumbnail","7":"category-rennes","8":"tag-actu","9":"tag-actualites","10":"tag-bretagne","11":"tag-culture","12":"tag-eu","13":"tag-europe","14":"tag-fr","15":"tag-france","16":"tag-news","17":"tag-patrimoine","18":"tag-rennes","19":"tag-republique-francaise","20":"tag-urbanisme-a-rennes"},"share_on_mastodon":{"url":"https:\/\/pubeurope.com\/@fr\/114537466711114975","error":""},"_links":{"self":[{"href":"https:\/\/www.europesays.com\/fr\/wp-json\/wp\/v2\/posts\/113095","targetHints":{"allow":["GET"]}}],"collection":[{"href":"https:\/\/www.europesays.com\/fr\/wp-json\/wp\/v2\/posts"}],"about":[{"href":"https:\/\/www.europesays.com\/fr\/wp-json\/wp\/v2\/types\/post"}],"author":[{"embeddable":true,"href":"https:\/\/www.europesays.com\/fr\/wp-json\/wp\/v2\/users\/2"}],"replies":[{"embeddable":true,"href":"https:\/\/www.europesays.com\/fr\/wp-json\/wp\/v2\/comments?post=113095"}],"version-history":[{"count":0,"href":"https:\/\/www.europesays.com\/fr\/wp-json\/wp\/v2\/posts\/113095\/revisions"}],"wp:featuredmedia":[{"embeddable":true,"href":"https:\/\/www.europesays.com\/fr\/wp-json\/wp\/v2\/media\/113096"}],"wp:attachment":[{"href":"https:\/\/www.europesays.com\/fr\/wp-json\/wp\/v2\/media?parent=113095"}],"wp:term":[{"taxonomy":"category","embeddable":true,"href":"https:\/\/www.europesays.com\/fr\/wp-json\/wp\/v2\/categories?post=113095"},{"taxonomy":"post_tag","embeddable":true,"href":"https:\/\/www.europesays.com\/fr\/wp-json\/wp\/v2\/tags?post=113095"}],"curies":[{"name":"wp","href":"https:\/\/api.w.org\/{rel}","templated":true}]}}