{"id":1131012,"date":"2026-08-16T19:27:29","date_gmt":"2026-08-16T19:27:29","guid":{"rendered":"https:\/\/www.europesays.com\/fr\/1131012\/"},"modified":"2026-08-16T19:27:29","modified_gmt":"2026-08-16T19:27:29","slug":"nouvelle-medaille-dor-pour-la-france-a-domicile-leon-marchand-epatant-champion-deurope-du-400-m-nage-libre-lequipe","status":"publish","type":"post","link":"https:\/\/www.europesays.com\/fr\/1131012\/","title":{"rendered":"Nouvelle m\u00e9daille d&#039;or pour la France \u00e0 domicile : L\u00e9on Marchand \u00e9patant champion d&#039;Europe du 400 m nage libre &#8211; L&#039;\u00c9quipe"},"content":{"rendered":"<ol>\n<li><a href=\"https:\/\/news.google.com\/rss\/articles\/CBMi8AFBVV95cUxNejdpdVN1eTVENXhBemJDd2tQV0hzVHZ4c3lfck1XcHc4ay1FUlVfV2N1cUZCQXkwVDhzaTRMNjhXU1RQZGlUZm9hUGdSR043c0VpNXM1ZTdGV1BVS1RNdF90SkY3ZFRXRnE0OU1XckhUSk1jMjVhcHBBRkNYNWhjRU84TTlWN2Q4VmRIN3hDdEtleUNCSFcyVVhWcWhLVEp2UXJVbTR4RDRzQU1mUjlDdG9HU2JRZ0xrRTZlMkgyYkw1V0ZTNFBjblo5VVY5REhVXzhmX000d3VTRi14MjlSTE85WUdmSmliRHVUU3J2WnQ?oc=5\" target=\"_blank\" rel=\"nofollow noopener\">Nouvelle m\u00e9daille d&rsquo;or pour la France \u00e0 domicile : L\u00e9on Marchand \u00e9patant champion d&rsquo;Europe du 400 m nage libre<\/a>&nbsp;&nbsp;L&rsquo;\u00c9quipe<\/li>\n<li><a href=\"https:\/\/news.google.com\/rss\/articles\/CBMi2AFBVV95cUxQS1Y1UkV5UmlPcW0ybDgxMGVkLWxOSWtXb0pnSVR1QVhnR0I1aDNablJTWU9hTmNpdGQ3SGh0bTg2MXpQaVFuSXFBVTk0bmdWbnYyZWY1VXcwQ1U4cVVUWHU0enBQTVVuNWM4WDc0OGwtT0JIYUdqdHJ3Qnh0bmNTT1JRYXRkaTNFZHNod01VTGZCc3MxalhJNWllenpPOExrNWctSzVUV2VqR2laMFRCN0h0WW5WZ2dLeUVJbUlSTmE5VTFMblViRklwZ3ZLbzEzU19TRWJ4Sms?oc=5\" target=\"_blank\" rel=\"nofollow noopener\">L\u00e9on Marchand sacr\u00e9 champion d\u2019Europe du 400 m nage libre et en bronze avec le relais<\/a>&nbsp;&nbsp;lanouvellerepublique.fr<\/li>\n<li><a href=\"https:\/\/news.google.com\/rss\/articles\/CBMi3wFBVV95cUxOMmFYUlk1NHZJV011T3dkNWdPc3lvMUlIWmNBS3J1WnFNNkljQ09DQTdHdC1WeFQwSTFjTC1yTkl0Nkt6NWNRZWh0VFVqSEVEZERwN2UyYmRSYUxvZGlQQm1BYkk5c0YxYktQUmpaeHZSVnZudmZKZGlEazhFb0VvUDgwNnlVQm9WRmZ3a29rY09CcjU5RUlaVl9BWHpMblBIT052TThMek0ya3Vqa2tqU0Zpc0hzMlppdGdOSmZNMkNzdHVrbmc0VFMwV3lIeE96ZTJpRUNEZV9rV21qTlU4?oc=5\" target=\"_blank\" rel=\"nofollow noopener\">Championnats d\u2019Europe de natation : L\u00e9on Marchand en or sur 400 m nage libr\u2026<\/a>&nbsp;&nbsp;20 Minutes<\/li>\n<li><a href=\"https:\/\/news.google.com\/rss\/articles\/CBMi4gFBVV95cUxNM3FleUE2cVBYNVVKcGpRNlBQSVI2NzIzbEVNY0NiaDNhTUk5bi1MQjYtNGZjeTRLWU85SEg3Y2RabU54SGhucng3b2szMVFQQ2tIU0Q4SUVuY0dNX0VLdWRCZ2p2NXkyNDJISF92dGNkdjA3TXlsbWZIYkdlZkdYVzlJRi1xcS04X2J3eDBtWHN5N2RHbXFDSHBXRTVfUE81VXExdVBhSDZkZF85eHlHMUlmdUduOVFDNDkyUG95ak95RmctVDliM0lTWVNRS18yS0hqRFZsVnltdjAtZ2doamlB?oc=5\" target=\"_blank\" rel=\"nofollow noopener\">Natation &#8211; Championnats d&rsquo;Europe : Marchand en or sur le 400 m<\/a>&nbsp;&nbsp;Sports &#8211; Orange<\/li>\n<li><a href=\"https:\/\/news.google.com\/rss\/articles\/CBMi5AFBVV95cUxQamNTS3ZuU3MzU1BqODkyNm5MbF9NaTBQTWo2Q2lxaW1wQ21Oa19oblZnbGhNeTdHSWc0MTNlRTBGa2JiQVpQcUpzN3lPUXlZSWhpTVZobWkxcUJ5RjMwRjNMSDF1VE56NEl5elhXblo5eEN0ZlFjLXFVRXBreS1FTmVWWVNkZEtlZVNxTDcwaUFiMkZvRzhCd1VPd0hURGdMRnZUTVlwci1SV2dmalZRc3B6Wm02b1B3TFMwY1NnaUt2MTQwVHFsZkVtY1Q4QjZPMXVaV3cwaG11WjA4VVN1OXBLNVQ?oc=5\" target=\"_blank\" rel=\"nofollow noopener\">EN DIRECT &#8211; Championnats d\u2019Europe de natation : L\u00e9on Marchand en or sur le 400m nage libre apr\u00e8s une course ph\u00e9nom\u00e9nale<\/a>&nbsp;&nbsp;Le Figaro<\/li>\n<\/ol>\n","protected":false},"excerpt":{"rendered":"Nouvelle m\u00e9daille d&rsquo;or pour la France \u00e0 domicile : L\u00e9on Marchand \u00e9patant champion d&rsquo;Europe du 400 m nage&hellip;\n","protected":false},"author":2,"featured_media":1131013,"comment_status":"","ping_status":"","sticky":false,"template":"","format":"standard","meta":{"footnotes":"","_share_on_mastodon":"0"},"categories":[2],"tags":[11,86798,110509,1011,27,13283,5216,12,1833,25],"class_list":["post-1131012","post","type-post","status-publish","format-standard","has-post-thumbnail","category-actualites","tag-actualites","tag-breves-et-depeches","tag-championnats-deurope-grand-bassin","tag-fr","tag-france","tag-leon-marchand","tag-natation","tag-news","tag-redaction","tag-republique-francaise"],"share_on_mastodon":{"url":"https:\/\/pubeurope.com\/@fr\/117106838396784135","error":""},"_links":{"self":[{"href":"https:\/\/www.europesays.com\/fr\/wp-json\/wp\/v2\/posts\/1131012","targetHints":{"allow":["GET"]}}],"collection":[{"href":"https:\/\/www.europesays.com\/fr\/wp-json\/wp\/v2\/posts"}],"about":[{"href":"https:\/\/www.europesays.com\/fr\/wp-json\/wp\/v2\/types\/post"}],"author":[{"embeddable":true,"href":"https:\/\/www.europesays.com\/fr\/wp-json\/wp\/v2\/users\/2"}],"replies":[{"embeddable":true,"href":"https:\/\/www.europesays.com\/fr\/wp-json\/wp\/v2\/comments?post=1131012"}],"version-history":[{"count":0,"href":"https:\/\/www.europesays.com\/fr\/wp-json\/wp\/v2\/posts\/1131012\/revisions"}],"wp:featuredmedia":[{"embeddable":true,"href":"https:\/\/www.europesays.com\/fr\/wp-json\/wp\/v2\/media\/1131013"}],"wp:attachment":[{"href":"https:\/\/www.europesays.com\/fr\/wp-json\/wp\/v2\/media?parent=1131012"}],"wp:term":[{"taxonomy":"category","embeddable":true,"href":"https:\/\/www.europesays.com\/fr\/wp-json\/wp\/v2\/categories?post=1131012"},{"taxonomy":"post_tag","embeddable":true,"href":"https:\/\/www.europesays.com\/fr\/wp-json\/wp\/v2\/tags?post=1131012"}],"curies":[{"name":"wp","href":"https:\/\/api.w.org\/{rel}","templated":true}]}}