{"id":113107,"date":"2025-05-20T01:08:16","date_gmt":"2025-05-20T01:08:16","guid":{"rendered":"https:\/\/www.europesays.com\/fr\/113107\/"},"modified":"2025-05-20T01:08:16","modified_gmt":"2025-05-20T01:08:16","slug":"un-appel-a-temoins-lance-apres-la-disparition-dune-ado-depuis-plus-dune-semaine-2","status":"publish","type":"post","link":"https:\/\/www.europesays.com\/fr\/113107\/","title":{"rendered":"Un appel \u00e0 t\u00e9moins lanc\u00e9 apr\u00e8s la disparition d\u2019une ado depuis plus d\u2019une semaine"},"content":{"rendered":"<p>La <a href=\"https:\/\/www.20minutes.fr\/dossier\/gendarmerie\" target=\"_blank\" class=\"color-ultramarine c-link\" rel=\"nofollow noopener\">gendarmerie<\/a> de Basse-Goulaine, pr\u00e8s de <a href=\"https:\/\/www.20minutes.fr\/nantes\/\" target=\"_blank\" class=\"color-ultramarine c-link\" rel=\"nofollow noopener\">Nantes<\/a>, a lanc\u00e9 un appel \u00e0 t\u00e9moins pour retrouver Kalinka, une <a href=\"https:\/\/www.20minutes.fr\/dossier\/adolescent\" target=\"_blank\" class=\"color-ultramarine c-link\" rel=\"nofollow noopener\">adolescente<\/a> de 14 ans port\u00e9e disparue depuis le dimanche 11\u00a0mai. Elle a fugu\u00e9 du foyer o\u00f9 elle \u00e9tait h\u00e9berg\u00e9e \u00e0 Basse-Goulaine et n\u2019a plus donn\u00e9 signe de vie depuis ce jour.<\/p>\n<p>Selon les enqu\u00eateurs, la jeune fille a \u00e9t\u00e9 vue pour la derni\u00e8re fois en d\u00e9but d\u2019apr\u00e8s-midi sur le boulevard des Pas Enchant\u00e9s, \u00e0 Saint-S\u00e9bastien-sur-Loire. \u00ab\u00a0Depuis, elle n\u2019a pas donn\u00e9 signe de vie et ne dispose pas de son t\u00e9l\u00e9phone portable\u00a0\u00bb, pr\u00e9cise la gendarmerie, qui \u00e9voque des \u00ab\u00a0recherches importantes en cours\u00a0\u00bb.<\/p>\n<p class=\"mb-m@xs text-l@xs\">En cliquant sur\u00ab J\u2019accepte \u00bb, vous acceptez le d\u00e9p\u00f4t de cookies par des services externes et aurez ainsi acc\u00e8s aux contenus de nos partenaires.<\/p>\n<p class=\"mb-xl@xs text-s@xs\">Plus d\u2019informations sur la page<a href=\"https:\/\/www.20minutes.fr\/gestion-cookies\" class=\"mx-xxs@xs color-ultramarine\" rel=\"nofollow noopener\" target=\"_blank\">Politique de gestion des cookies<\/a><\/p>\n<p>J\u2019accepte<\/p>\n<p>Kalinka mesure 1,57 m\u00e8tre, a les cheveux ch\u00e2tain clair mi-longs. Lors de sa disparition, elle portait une doudoune, un pantalon gris fonc\u00e9 et des baskets blanches.<\/p>\n<p>Toute personne disposant d\u2019informations permettant de la localiser est pri\u00e9e de contacter la gendarmerie de Basse-Goulaine au 02.40.80.56.93 ou par mail \u00e0 <a href=\"https:\/\/www.20minutes.fr\/cdn-cgi\/l\/email-protection\" class=\"__cf_email__\" data-cfemail=\"a8cadcc986cac9dbdbcd85cfc7ddc4c9c1c6cde8cfcdc6ccc9dac5cddac1cd86c1c6dccddac1cdddda86cfc7ddde86ceda\" rel=\"nofollow noopener\" target=\"_blank\">[email\u00a0protected]<\/a>.<\/p>\n","protected":false},"excerpt":{"rendered":"La gendarmerie de Basse-Goulaine, pr\u00e8s de Nantes, a lanc\u00e9 un appel \u00e0 t\u00e9moins pour retrouver Kalinka, une adolescente&hellip;\n","protected":false},"author":2,"featured_media":113108,"comment_status":"","ping_status":"","sticky":false,"template":"","format":"standard","meta":{"footnotes":""},"categories":[2818],"tags":[1111,47,11,4260,1067,1777,674,118,1011,27,886,3381,3047,766,12,2636,25],"class_list":{"0":"post-113107","1":"post","2":"type-post","3":"status-publish","4":"format-standard","5":"has-post-thumbnail","7":"category-nantes","8":"tag-actu","9":"tag-actualite","10":"tag-actualites","11":"tag-appel-a-temoins","12":"tag-enquete","13":"tag-eu","14":"tag-europe","15":"tag-faits-divers","16":"tag-fr","17":"tag-france","18":"tag-fugue","19":"tag-gendarmerie","20":"tag-loire-atlantique","21":"tag-nantes","22":"tag-news","23":"tag-pays-de-la-loire","24":"tag-republique-francaise"},"share_on_mastodon":{"url":"https:\/\/pubeurope.com\/@fr\/114537490247444031","error":""},"_links":{"self":[{"href":"https:\/\/www.europesays.com\/fr\/wp-json\/wp\/v2\/posts\/113107","targetHints":{"allow":["GET"]}}],"collection":[{"href":"https:\/\/www.europesays.com\/fr\/wp-json\/wp\/v2\/posts"}],"about":[{"href":"https:\/\/www.europesays.com\/fr\/wp-json\/wp\/v2\/types\/post"}],"author":[{"embeddable":true,"href":"https:\/\/www.europesays.com\/fr\/wp-json\/wp\/v2\/users\/2"}],"replies":[{"embeddable":true,"href":"https:\/\/www.europesays.com\/fr\/wp-json\/wp\/v2\/comments?post=113107"}],"version-history":[{"count":0,"href":"https:\/\/www.europesays.com\/fr\/wp-json\/wp\/v2\/posts\/113107\/revisions"}],"wp:featuredmedia":[{"embeddable":true,"href":"https:\/\/www.europesays.com\/fr\/wp-json\/wp\/v2\/media\/113108"}],"wp:attachment":[{"href":"https:\/\/www.europesays.com\/fr\/wp-json\/wp\/v2\/media?parent=113107"}],"wp:term":[{"taxonomy":"category","embeddable":true,"href":"https:\/\/www.europesays.com\/fr\/wp-json\/wp\/v2\/categories?post=113107"},{"taxonomy":"post_tag","embeddable":true,"href":"https:\/\/www.europesays.com\/fr\/wp-json\/wp\/v2\/tags?post=113107"}],"curies":[{"name":"wp","href":"https:\/\/api.w.org\/{rel}","templated":true}]}}