{"id":113109,"date":"2025-05-20T01:09:13","date_gmt":"2025-05-20T01:09:13","guid":{"rendered":"https:\/\/www.europesays.com\/fr\/113109\/"},"modified":"2025-05-20T01:09:13","modified_gmt":"2025-05-20T01:09:13","slug":"comment-deployer-une-vraie-strategie-inclusive-dans-son-entreprise","status":"publish","type":"post","link":"https:\/\/www.europesays.com\/fr\/113109\/","title":{"rendered":"comment d\u00e9ployer une vraie strat\u00e9gie inclusive dans son entreprise ?"},"content":{"rendered":"<p>Le prochain rendez-vous du Club R\u00e9solution de Gironde, d\u00e9di\u00e9 \u00e0 la RSE dans les entreprises et organisations, se d\u00e9roulera le 10 juin prochain entre 11 heures et 14 heures. Rendez-vous est donn\u00e9 au si\u00e8ge du Groupe Sud Ouest \u00e0 Bordeaux.<\/p>\n<p>Plac\u00e9co organise son prochain Club R\u00e9solution le 10 juin \u00e0 11 heures. Toujours dans les locaux du Groupe Sud Ouest, l\u2019\u00e9v\u00e9nement est r\u00e9serv\u00e9 aux adh\u00e9rents de R\u00e9solution, r\u00e9f\u00e9rents RSE d\u2019entreprises et d\u2019organisations. Pour cette nouvelle rencontre, la th\u00e9matique sera \u00ab Inclusion et handicap : comment d\u00e9ployer une vraie strat\u00e9gie inclusive ? \u00bb\u00a0<b>Objectif :<\/b> cr\u00e9er des discussions, tisser des \u00e9changes, et surtout \u00e9voquer des solutions concr\u00e8tes. <\/p>\n<p>   Le programme : <\/p>\n<p>\u2022 <b>Journal de la RSE :<\/b> trois informations ou actualit\u00e9s \u00e0 retenir <br \/>\u2022 <b>Table ronde :<\/b> durant 35 \u00e0 40 minutes, nous donnerons la parole \u00e0 trois invit\u00e9s dont Adrien Poujade, responsable d\u00e9veloppement au sein de l&rsquo;Adapei de Gironde.<br \/>\u2022 <b>Mise en pratique :<\/b> les participants pourront \u00e9changer entre eux sur les probl\u00e9matiques abord\u00e9es, et imaginer comment passer \u00e0 l\u2019action. <br \/>Enfin, de 12 h 30 \u00e0 14 heures, un cocktail d\u00e9jeunatoire prolongera les r\u00e9flexions et permettra de r\u00e9seauter.<\/p>\n<p>Vous souhaitez d\u00e9couvrir le Club R\u00e9solution ? <b><a href=\"https:\/\/www.billetweb.fr\/club-resolution-7&amp;multi=u116972&amp;margin=no_margin&amp;color=635BFF&amp;parent=1&amp;margin=no_margin&amp;color=635BFF\" target=\"_blank\" rel=\"nofollow noopener\">C&rsquo;est ici<\/a><\/b>. <br \/>Vous souhaitez adh\u00e9rer au Club R\u00e9solution ? <b><a href=\"https:\/\/www.resolution-rse.fr\/abonnement\" target=\"_blank\" rel=\"nofollow noopener\">C&rsquo;est l\u00e0<\/a><\/b>.<\/p>\n","protected":false},"excerpt":{"rendered":"Le prochain rendez-vous du Club R\u00e9solution de Gironde, d\u00e9di\u00e9 \u00e0 la RSE dans les entreprises et organisations, se&hellip;\n","protected":false},"author":2,"featured_media":113110,"comment_status":"","ping_status":"","sticky":false,"template":"","format":"standard","meta":{"footnotes":""},"categories":[2817],"tags":[1111,11,1997,1777,674,1011,27,12,2219,5645,25],"class_list":{"0":"post-113109","1":"post","2":"type-post","3":"status-publish","4":"format-standard","5":"has-post-thumbnail","7":"category-bordeaux","8":"tag-actu","9":"tag-actualites","10":"tag-bordeaux","11":"tag-eu","12":"tag-europe","13":"tag-fr","14":"tag-france","15":"tag-news","16":"tag-nouvelle-aquitaine","17":"tag-placco-placeco","18":"tag-republique-francaise"},"share_on_mastodon":{"url":"https:\/\/pubeurope.com\/@fr\/114537494258167241","error":""},"_links":{"self":[{"href":"https:\/\/www.europesays.com\/fr\/wp-json\/wp\/v2\/posts\/113109","targetHints":{"allow":["GET"]}}],"collection":[{"href":"https:\/\/www.europesays.com\/fr\/wp-json\/wp\/v2\/posts"}],"about":[{"href":"https:\/\/www.europesays.com\/fr\/wp-json\/wp\/v2\/types\/post"}],"author":[{"embeddable":true,"href":"https:\/\/www.europesays.com\/fr\/wp-json\/wp\/v2\/users\/2"}],"replies":[{"embeddable":true,"href":"https:\/\/www.europesays.com\/fr\/wp-json\/wp\/v2\/comments?post=113109"}],"version-history":[{"count":0,"href":"https:\/\/www.europesays.com\/fr\/wp-json\/wp\/v2\/posts\/113109\/revisions"}],"wp:featuredmedia":[{"embeddable":true,"href":"https:\/\/www.europesays.com\/fr\/wp-json\/wp\/v2\/media\/113110"}],"wp:attachment":[{"href":"https:\/\/www.europesays.com\/fr\/wp-json\/wp\/v2\/media?parent=113109"}],"wp:term":[{"taxonomy":"category","embeddable":true,"href":"https:\/\/www.europesays.com\/fr\/wp-json\/wp\/v2\/categories?post=113109"},{"taxonomy":"post_tag","embeddable":true,"href":"https:\/\/www.europesays.com\/fr\/wp-json\/wp\/v2\/tags?post=113109"}],"curies":[{"name":"wp","href":"https:\/\/api.w.org\/{rel}","templated":true}]}}