{"id":1131175,"date":"2026-08-16T21:36:23","date_gmt":"2026-08-16T21:36:23","guid":{"rendered":"https:\/\/www.europesays.com\/fr\/1131175\/"},"modified":"2026-08-16T21:36:23","modified_gmt":"2026-08-16T21:36:23","slug":"fatigue-irritabilite-nausees-a-strasbourg-la-repetition-de-canicules-met-nos-corps-a-rude-epreuve","status":"publish","type":"post","link":"https:\/\/www.europesays.com\/fr\/1131175\/","title":{"rendered":"Fatigue, irritabilit\u00e9, naus\u00e9es : \u00e0 Strasbourg, la r\u00e9p\u00e9tition de canicules met nos corps \u00e0 rude \u00e9preuve"},"content":{"rendered":"<p><b>Alors que l\u2019Hexagone vient de traverser un cinqui\u00e8me \u00e9pisode de canicule cet \u00e9t\u00e9, les Fran\u00e7ais(es) accusent le coup. Une canicule est d\u00e9j\u00e0 \u00e9prouvante pour l\u2019organisme, alors comment r\u00e9agit le corps en \u00e9tant expos\u00e9 \u00e0 ces vagues de chaleurs rapproch\u00e9es ? \u00c9l\u00e9ments de r\u00e9ponse.<\/b><\/p>\n<p><b>Strasbourg et le reste de l\u2019Hexagone viennent de traverser leur cinqui\u00e8me vague de chaleur de l\u2019\u00e9t\u00e9<\/b>.<strong> Mais q<\/strong><b>uelles traces laissent ces p\u00e9riodes de chaleur extr\u00eames sur nos organismes ?\u00a0<\/b><\/p>\n<p>Fatigue, irritabilit\u00e9, maux de t\u00eate, naus\u00e9es\u2026 <b>Les sympt\u00f4mes sont multiples et vous ont peut \u00eatre accompagn\u00e9 ces deux derniers mois<\/b>. D\u2019autant que lorsqu\u2019un \u00e9pisode de canicule prend fin, ses effets sur l\u2019organisme peuvent encore persister dans le temps. \u00ab\u00a0<b>Certains ressentent les sympt\u00f4mes parfois cinq \u00e0 dix jours apr\u00e8s<\/b>\u00a0\u00bb, d\u00e9clarait notamment la ministre de la sant\u00e9 <a href=\"https:\/\/www.franceinfo.fr\/environnement\/evenements-meteorologiques-extremes\/vagues-de-chaleur-canicules\/canicule-il-faut-limiter-absolument-l-alcool-pendant-la-fete-de-la-musique-previent-la-ministre-de-la-sante_8071775.html#:~:text=FRANCEINFO%20\/%20RADIO%20FRANCE)-,%22Il%20faut%20que%20le%20syst%C3%A8me%20de%20sant%C3%A9%20tienne%20dans%20la,dimanche%20%C3%A0%20partir%20de%2012h.\" target=\"_blank\" rel=\"noopener nofollow\">sur France Info<\/a> en juin.\u00a0<\/p>\n<p>Des organismes mis \u00e0 rude \u00e9preuve<\/p>\n<p>Ces <b>\u00ab\u00a0<\/b><b>effets \u00e0 retardements<\/b><b>\u00a0\u00bb <\/b>peuvent donc trainer sur plusieurs jours, voire semaines, avant que le corps ne revienne \u00e0 un \u00e9tat d\u2019\u00e9quilibre. Ces sympt\u00f4mes, qualifi\u00e9s de \u00ab\u00a0<b>d\u00e9compensation<\/b>\u00a0\u00bb, peuvent se manifester de plusieurs mani\u00e8res : \u00ab\u00a0d\u00e9shydratation, fatigue marqu\u00e9e, troubles de la vigilance ou aggravation de maladies chroniques\u00a0\u00bb, selon le <a href=\"https:\/\/www.conseil-national.medecin.fr\/publications\/communiques-presse\/fin-canicule-lordre-appelle-vigilance-renforcee-face-effets\" target=\"_blank\" rel=\"noopener nofollow\">conseil national de l\u2019Ordre des m\u00e9decins<\/a>.<\/p>\n<p>Ces vagues de chaleurs rapproch\u00e9es<b> \u00ab\u00a0<\/b><b>mettent vraiment les organismes \u00e0 rude \u00e9preuve<\/b><b>\u00a0<\/b>\u00bb, confirme le Dr Pascal Meyvaert, m\u00e9decin g\u00e9n\u00e9raliste \u00e0 Gerstheim, dans le Bas-Rhin.\u00a0<\/p>\n<p>                <img width=\"375\" height=\"500\" src=\"https:\/\/www.europesays.com\/fr\/wp-content\/uploads\/2026\/08\/6488673791944708175-375x500.jpg\" class=\"attachment-gallery size-gallery\" alt=\"Dr Pascal Meyvart\" data-full-url=\"https:\/\/pokaa.fr\/wp-content\/uploads\/2026\/01\/09\/6488673791944708175-1500x2000.jpg\" decoding=\"async\" loading=\"lazy\"  \/>            <\/p>\n<p>                <img width=\"750\" height=\"500\" src=\"https:\/\/www.europesays.com\/fr\/wp-content\/uploads\/2026\/08\/medical-medecin-stethoscope-750x500.jpg\" class=\"attachment-gallery size-gallery\" alt=\"m\u00e9dical m\u00e9decin st\u00e9thoscope\" data-full-url=\"https:\/\/pokaa.fr\/wp-content\/uploads\/2026\/08\/05\/medical-medecin-stethoscope.jpg\" decoding=\"async\" loading=\"lazy\"  \/>            <\/p>\n<p>                    1. \u00a9 Dr Pascal Meyvaert \/ Document remis ; 2. \u00a9 Marie Goehner-David \/ Pokaa<\/p>\n<p>Le praticien alsacien est bien plac\u00e9 pour le savoir, lui qui coordonne notamment le groupe de travail en <b>sant\u00e9 environnementale du comit\u00e9 de pilotage inter-unions r\u00e9gionales des professionnels de sant\u00e9<\/b>. \u00ab\u00a0Quand \u00e7a se succ\u00e8de, \u00e0 ce rythme, c\u2019est \u00e0 chaque fois <b>un \u00e9pisode suppl\u00e9mentaire qui fragilise encore davantage les organismes en mauvais \u00e9tat\u00a0<\/b>\u00bb.<\/p>\n<p>\u00ab\u00a0<b>Tous les organes peuvent \u00eatre touch\u00e9s<\/b>. Je pense en particulier aux reins. En cas de d\u00e9shydratation, c\u2019est souvent le premier organe qui va \u00eatre touch\u00e9 \u00bb, commente le Dr Pascal Meyvaert. Au del\u00e0 des sympt\u00f4mes les plus \u00e9vidents, <b>ces grandes chaleurs ont aussi des r\u00e9percussions plus m\u00e9connues.<\/b><\/p>\n<blockquote><p>\n        \u00ab\u00a0On croise encore malheureusement des sportifs en plein apr\u00e8s-midi, quand il fait 38\u00b0 \u00e0 l\u2019ombre\u00a0\u00bb.    <\/p><\/blockquote>\n<p>            Dr Pascal Meyvaert, m\u00e9decin g\u00e9n\u00e9raliste \u00e0 Gerstheim<\/p>\n<p>Pendant les \u00e9pisodes de canicule, \u00ab\u00a0la pollution augmente. <b>\u00c7a va donc d\u2019autant plus fragiliser les personnes qui ont des soucis respiratoires.<\/b> Elles vont \u00eatre plus sensibles et davantage risquer de faire de l\u2019asthme ou des bronchites chroniques\u00a0\u00bb.<\/p>\n<p>Les fortes chaleurs vont aussi avoir <b>des cons\u00e9quences psychiatriques.<\/b><b> <\/b>\u00ab\u00a0Les personnes qui souffrent de troubles psychiatriques vont aussi d\u00e9compenser, <b>en raison du stress auquel elles sont confront\u00e9es avec ces canicules \u00e0 r\u00e9p\u00e9tition<\/b>\u00a0\u00bb.\u00a0<\/p>\n<p>                <a href=\"https:\/\/pokaa.fr\/2026\/08\/04\/vous-connaissez-un-bon-psy-a-strasbourg-etre-aide-est-devenu-un-parcours-du-combattant\/\" rel=\"nofollow noopener\" target=\"_blank\"><br \/>\n                    <img width=\"450\" height=\"270\" src=\"https:\/\/www.europesays.com\/fr\/wp-content\/uploads\/2026\/08\/lit-sommeil-solitude-tristesse-depression-deprime-dodo-1-450x270.jpg\" class=\"attachment-card-horizontal--same-subject size-card-horizontal--same-subject wp-post-image\" alt=\"\" decoding=\"async\" loading=\"lazy\"\/>                <\/a><\/p>\n<p>    <img width=\"800\" height=\"600\" src=\"https:\/\/www.europesays.com\/fr\/wp-content\/uploads\/2025\/06\/temperature-ilot-de-chaleur-cannicule-strasbourg40-2.jpeg\" class=\"attachment-image-size-L size-image-size-L\" alt=\"temperature ilot de chaleur cannicule strasbourg40\" decoding=\"async\" loading=\"lazy\"  \/>         \u00a9 Samuel Compion \/ Pokaa <\/p>\n<p>Ces effets \u00e0 retardements, qui se traduisent parfois en sympt\u00f4mes l\u00e9gers, peuvent \u00e9galement \u00eatre bien plus graves. \u00ab\u00a0Suite \u00e0 un \u00e9pisode isol\u00e9 de canicule lors d\u2019\u00e9t\u00e9s pr\u00e9c\u00e9dents, <b>on constatait souvent un taux de pathologies de d\u00e9compensation, voire de mortalit\u00e9, accru dans les semaines, voire les mois qui suivaient<\/b><b>\u00a0<\/b>\u00bb.<\/p>\n<p>Des effets encore observables durant plusieurs mois<\/p>\n<p>Selon le Dr Pascal Meyvaert, cet affaiblissement peut entra\u00eener <b>une diminution de la \u00ab\u00a0<\/b><b>capacit\u00e9 de r\u00e9sistance<\/b>, en particulier pendant les \u00e9pisodes d\u2019infection virale, comme la grippe, qui surviennent \u00e0 l\u2019automne et \u00e0 l\u2019hiver \u00bb.<\/p>\n<p>M\u00eame si les personnes fragiles restent les plus vuln\u00e9rables face \u00e0 la chaleur, <b>personne n\u2019est \u00e0 l\u2019abri des effets des temp\u00e9ratures extr\u00eames<\/b>. \u00ab\u00a0On croise encore malheureusement des sportifs en plein apr\u00e8s-midi, quand il fait 38\u00b0 \u00e0 l\u2019ombre\u00a0\u00bb, se lamente le praticien\u00a0<\/p>\n<p>    <img width=\"450\" height=\"600\" src=\"https:\/\/www.europesays.com\/fr\/wp-content\/uploads\/2026\/08\/img-5226-450x600.jpeg\" class=\"attachment-image-size-M size-image-size-M\" alt=\"saverne glace\" decoding=\"async\" loading=\"lazy\"  \/>         \u00a9 Coraline Lafon \/ Pokaa <\/p>\n<p>Pendant la premi\u00e8re vague de canicule <b>en juin, \u00ab\u00a0<\/b><b>la plupart des accidents \u00e9taient souvent des jeunes sportifs, en bonne sant\u00e9<\/b>, qui ne se sont pas sentis concern\u00e9s par les consignes de s\u00e9curit\u00e9. <b>On n\u2019est pas \u00e0 l\u2019abri quand on est jeune, sportif et en bonne sant\u00e9<\/b>\u00a0\u00bb.<\/p>\n<p>Toujours est-il que pour pr\u00e9venir des effets de la chaleur sur l\u2019organisme, rien de plus efficace que d\u2019<b>appliquer les gestes de pr\u00e9vention<\/b>. Faire attention \u00e0 ne pas trop s\u2019exposer au soleil, trouver des endroits frais dans la limite du possible et s\u2019hydrater correctement. \u00ab<b>\u00a0<\/b><b>Il ne faut pas oublier de manger \u00e9galement\u00a0<\/b>\u00bb, compl\u00e8te le Dr Pascal Meyvaert.<\/p>\n","protected":false},"excerpt":{"rendered":"Alors que l\u2019Hexagone vient de traverser un cinqui\u00e8me \u00e9pisode de canicule cet \u00e9t\u00e9, les Fran\u00e7ais(es) accusent le coup.&hellip;\n","protected":false},"author":2,"featured_media":1131176,"comment_status":"","ping_status":"","sticky":false,"template":"","format":"standard","meta":{"footnotes":"","_share_on_mastodon":"0"},"categories":[2820],"tags":[1111,11,2389,6698,13208,6725,1777,674,1011,27,775,12,7587,25,640],"class_list":["post-1131175","post","type-post","status-publish","format-standard","has-post-thumbnail","category-strasbourg","tag-actu","tag-actualites","tag-alsace","tag-canicule","tag-chaleur","tag-corps","tag-eu","tag-europe","tag-fr","tag-france","tag-grand-est","tag-news","tag-organisme","tag-republique-francaise","tag-strasbourg"],"share_on_mastodon":{"url":"https:\/\/pubeurope.com\/@fr\/117107347851564427","error":""},"_links":{"self":[{"href":"https:\/\/www.europesays.com\/fr\/wp-json\/wp\/v2\/posts\/1131175","targetHints":{"allow":["GET"]}}],"collection":[{"href":"https:\/\/www.europesays.com\/fr\/wp-json\/wp\/v2\/posts"}],"about":[{"href":"https:\/\/www.europesays.com\/fr\/wp-json\/wp\/v2\/types\/post"}],"author":[{"embeddable":true,"href":"https:\/\/www.europesays.com\/fr\/wp-json\/wp\/v2\/users\/2"}],"replies":[{"embeddable":true,"href":"https:\/\/www.europesays.com\/fr\/wp-json\/wp\/v2\/comments?post=1131175"}],"version-history":[{"count":0,"href":"https:\/\/www.europesays.com\/fr\/wp-json\/wp\/v2\/posts\/1131175\/revisions"}],"wp:featuredmedia":[{"embeddable":true,"href":"https:\/\/www.europesays.com\/fr\/wp-json\/wp\/v2\/media\/1131176"}],"wp:attachment":[{"href":"https:\/\/www.europesays.com\/fr\/wp-json\/wp\/v2\/media?parent=1131175"}],"wp:term":[{"taxonomy":"category","embeddable":true,"href":"https:\/\/www.europesays.com\/fr\/wp-json\/wp\/v2\/categories?post=1131175"},{"taxonomy":"post_tag","embeddable":true,"href":"https:\/\/www.europesays.com\/fr\/wp-json\/wp\/v2\/tags?post=1131175"}],"curies":[{"name":"wp","href":"https:\/\/api.w.org\/{rel}","templated":true}]}}