{"id":113119,"date":"2025-05-20T01:14:13","date_gmt":"2025-05-20T01:14:13","guid":{"rendered":"https:\/\/www.europesays.com\/fr\/113119\/"},"modified":"2025-05-20T01:14:13","modified_gmt":"2025-05-20T01:14:13","slug":"lille-cinephile-fait-la-fiesta-a-la-gare-saint-sauveur-evenements","status":"publish","type":"post","link":"https:\/\/www.europesays.com\/fr\/113119\/","title":{"rendered":"Lille Cin\u00e9phile fait la FIESTA \u00e0 la Gare Saint Sauveur \/ \u00c9v\u00e9nements"},"content":{"rendered":"<p>\n                                                                                                                            Du 25 mai<br \/>au 6 juillet 2025\n                                                                                    <\/p>\n<p class=\"subtitle\">\u00e0 <strong><br \/>\nGare Saint Sauveur<\/strong><\/p>\n<p>Des dimanches apr\u00e8s-midis cin\u00e9ma th\u00e9matiques autour de films cultes (et rares) !<\/p>\n<p>            <img loading=\"lazy\" decoding=\"async\" src=\"\/var\/www\/storage\/images\/mediatheque\/mairie-de-lille\/images-openagenda\/lille-cinephile-fait-la-fiesta-a-la-gare-saint-sauveur\/3767315-1-fre-FR\/Lille-Cinephile-fait-la-FIESTA-a-la-Gare-Saint-Sauveur_news_image_top.jpg\" width=\"694\" height=\"582\" alt=\"Lille Cin\u00e9phile fait la FIESTA \u00e0 la Gare Saint Sauveur\"\/><\/p>\n<p>\n<strong>Lille Cin\u00e9phile aussi fait la FIESTA !<\/strong><br \/>Depuis plusieurs ann\u00e9es, l\u2019association Lille Cin\u00e9phile milite pour le retour d\u2019un cin\u00e9ma ind\u00e9pendant \u00e0 Lille. Un lieu convivial et accessible, o\u00f9 le public a son mot \u00e0 dire ; un endroit o\u00f9 on r\u00e9fl\u00e9chit, o\u00f9 on s\u2019amuse ensemble ; une salle o\u00f9 on (re)voit des films rares et pr\u00e9cieux, des grands classiques et des petits plaisirs coupables\u2026<br \/>\u00c0 l\u2019invitation de Lille3000 pour FIESTA, ce projet pose sa premi\u00e8re pierre concr\u00e8te et compte sur vous pour en faire un franc succ\u00e8s !<\/p>\n<p>\nQuand : 5 dimanches apr\u00e8s-midis (pour commencer\u2026), dans la salle de la Gare St-Sauveur.<br \/>Quoi : une programmation festive, des films cultes, souvent rares, et l&rsquo;occasion de nous rencontrer pour dessiner le futur du cin\u00e9ma ind\u00e9pendant \u00e0 Lille !<\/p>\n<p>\n-&gt; Pour nous soumettre des id\u00e9es de films, \u00e9crivez-nous : <a href=\"https:\/\/www.lille.fr\/\" target=\"_self\" class=\"lien_interne\" rel=\"nofollow noopener\">contact@lillecinephile.fr<\/a><br \/>-&gt; Pour adh\u00e9rer \u00e0 l\u2019asso : <a href=\"https:\/\/www.lille.fr\/\" target=\"_self\" class=\"lien_interne\" rel=\"nofollow noopener\">https:\/\/www.helloasso.com\/associations\/lille-cinephile\/adhesions\/adhesion-2024<\/a><\/p>\n<p>        \t\t                                                            Infos pratiques<\/p>\n<p>                    Adresse<\/p>\n<p>\n17 Boulevard Jean-Baptiste Lebas<br \/>59000 Lille<\/p>\n<p>                                                            Voir le plan<\/p>\n<p>                        Contact<\/p>\n<p>garesaintsauveur@mairie-lille.fr<\/p>\n<p>            Acc\u00e8s<\/p>\n<p>Entr\u00e9e libre<\/p>\n<p>\n                    PublicsDe  \u00e0  ans<\/p>\n<p>                            Horaires<\/p>\n<p class=\"textAlone\">Le 25\/05\/2025 de 14:00 \u00e0 15:48<br \/>Le 25\/05\/2025 de 16:00 \u00e0 18:00<br \/>Le 25\/05\/2025 de 18:30 \u00e0 20:09<br \/>Le 01\/06\/2025 de 14:30 \u00e0 16:05<br \/>Le 01\/06\/2025 de 16:30 \u00e0 18:13<br \/>Le 01\/06\/2025 de 18:30 \u00e0 19:34<br \/>Le 08\/06\/2025 de 14:00 \u00e0 15:50<br \/>Le 08\/06\/2025 de 16:00 \u00e0 18:05<br \/>Le 08\/06\/2025 de 18:30 \u00e0 20:11<br \/>Le 29\/06\/2025 de 14:00 \u00e0 15:22<br \/>Le 29\/06\/2025 de 15:30 \u00e0 18:04<br \/>Le 29\/06\/2025 de 18:15 \u00e0 20:20<br \/>Le 06\/07\/2025 de 14:30 \u00e0 15:22<br \/>Le 06\/07\/2025 de 16:00 \u00e0 17:28<br \/>Le 06\/07\/2025 de 18:00 \u00e0 19:41<\/p>\n<p>                        Tarifs<\/p>\n<p>Acc\u00e8s libre<\/p>\n<p>Site<a href=\"https:\/\/www.garesaintsauveur.lille3000.eu\/\" rel=\"nofollow noopener\" target=\"_blank\">https:\/\/www.garesaintsauveur.lille3000.eu\/<\/a><\/p>\n<p>\n                    Accessibilit\u00e9<\/p>\n","protected":false},"excerpt":{"rendered":"Du 25 maiau 6 juillet 2025 \u00e0 Gare Saint Sauveur Des dimanches apr\u00e8s-midis cin\u00e9ma th\u00e9matiques autour de films&hellip;\n","protected":false},"author":2,"featured_media":113120,"comment_status":"","ping_status":"","sticky":false,"template":"","format":"standard","meta":{"footnotes":""},"categories":[2815],"tags":[1111,11,4763,1777,674,1011,27,811,1307,5415,12,25],"class_list":{"0":"post-113119","1":"post","2":"type-post","3":"status-publish","4":"format-standard","5":"has-post-thumbnail","7":"category-lille","8":"tag-actu","9":"tag-actualites","10":"tag-agenda","11":"tag-eu","12":"tag-europe","13":"tag-fr","14":"tag-france","15":"tag-hauts-de-france","16":"tag-lille","17":"tag-mairie","18":"tag-news","19":"tag-republique-francaise"},"share_on_mastodon":{"url":"https:\/\/pubeurope.com\/@fr\/114537513868803370","error":""},"_links":{"self":[{"href":"https:\/\/www.europesays.com\/fr\/wp-json\/wp\/v2\/posts\/113119","targetHints":{"allow":["GET"]}}],"collection":[{"href":"https:\/\/www.europesays.com\/fr\/wp-json\/wp\/v2\/posts"}],"about":[{"href":"https:\/\/www.europesays.com\/fr\/wp-json\/wp\/v2\/types\/post"}],"author":[{"embeddable":true,"href":"https:\/\/www.europesays.com\/fr\/wp-json\/wp\/v2\/users\/2"}],"replies":[{"embeddable":true,"href":"https:\/\/www.europesays.com\/fr\/wp-json\/wp\/v2\/comments?post=113119"}],"version-history":[{"count":0,"href":"https:\/\/www.europesays.com\/fr\/wp-json\/wp\/v2\/posts\/113119\/revisions"}],"wp:featuredmedia":[{"embeddable":true,"href":"https:\/\/www.europesays.com\/fr\/wp-json\/wp\/v2\/media\/113120"}],"wp:attachment":[{"href":"https:\/\/www.europesays.com\/fr\/wp-json\/wp\/v2\/media?parent=113119"}],"wp:term":[{"taxonomy":"category","embeddable":true,"href":"https:\/\/www.europesays.com\/fr\/wp-json\/wp\/v2\/categories?post=113119"},{"taxonomy":"post_tag","embeddable":true,"href":"https:\/\/www.europesays.com\/fr\/wp-json\/wp\/v2\/tags?post=113119"}],"curies":[{"name":"wp","href":"https:\/\/api.w.org\/{rel}","templated":true}]}}