{"id":113123,"date":"2025-05-20T01:16:09","date_gmt":"2025-05-20T01:16:09","guid":{"rendered":"https:\/\/www.europesays.com\/fr\/113123\/"},"modified":"2025-05-20T01:16:09","modified_gmt":"2025-05-20T01:16:09","slug":"previsions-du-mardi-20-mai-2025-7","status":"publish","type":"post","link":"https:\/\/www.europesays.com\/fr\/113123\/","title":{"rendered":"pr\u00e9visions du mardi 20 mai 2025"},"content":{"rendered":"<p>\u00c0 Marseille, le ciel va peu \u00e0 peu se voiler au cours de la journ\u00e9e avec l&rsquo;apparition de nuages. Les valeurs s&rsquo;\u00e9chelonneront entre 16 et 21\u00b0C. D&rsquo;un autre c\u00f4t\u00e9, un beau soleil est attendu le matin. Il fera en moyenne 19\u00b0C. Un modeste vent de sud-est sera ressenti par les habitants. Un temps voil\u00e9 avec un d\u00e9veloppement de nuages est annonc\u00e9 dans l&rsquo;apr\u00e8s-midi. Des averses sont \u00e0 pr\u00e9voir. La ville se retrouvera de temps \u00e0 autre sous la pluie. Le soir, la m\u00e9t\u00e9o sera marqu\u00e9e par des pluies \u00e9parses. Les temp\u00e9ratures seront de 17\u00b0C. Un ciel clair est pr\u00e9vu dans la nuit reliant mardi et mercredi.<\/p>\n<p>Demain, les Marseillais vont pouvoir b\u00e9n\u00e9ficier d&rsquo;un soleil magnifique. Les temp\u00e9ratures afficheront entre 15 et 22\u00b0C. Un vent de nord-ouest est pr\u00e9vu : il soufflera \u00e0 25 km\/h. Les valeurs s&rsquo;\u00e9chelonneront de 16 \u00e0 22\u00b0C sur l&rsquo;ensemble de la matin\u00e9e. Le ciel va s&rsquo;\u00e9claircir dans la soir\u00e9e.<\/p>\n<p>Peu de changements pour la suite. On pr\u00e9voit des journ\u00e9es ensoleill\u00e9es, avec des temp\u00e9ratures dans les 17\u00b0C en moyenne.<\/p>\n<p><\/p>\n","protected":false},"excerpt":{"rendered":"\u00c0 Marseille, le ciel va peu \u00e0 peu se voiler au cours de la journ\u00e9e avec l&rsquo;apparition de&hellip;\n","protected":false},"author":2,"featured_media":113124,"comment_status":"","ping_status":"","sticky":false,"template":"","format":"standard","meta":{"footnotes":""},"categories":[2814],"tags":[1111,11,885,1777,674,1011,27,884,12,883,2119,882,25],"class_list":{"0":"post-113123","1":"post","2":"type-post","3":"status-publish","4":"format-standard","5":"has-post-thumbnail","7":"category-marseille","8":"tag-actu","9":"tag-actualites","10":"tag-bouches-du-rhone","11":"tag-eu","12":"tag-europe","13":"tag-fr","14":"tag-france","15":"tag-marseille","16":"tag-news","17":"tag-paca","18":"tag-previsions-meteo","19":"tag-provence-alpes-cote-dazur","20":"tag-republique-francaise"},"share_on_mastodon":{"url":"https:\/\/pubeurope.com\/@fr\/114537521864545292","error":""},"_links":{"self":[{"href":"https:\/\/www.europesays.com\/fr\/wp-json\/wp\/v2\/posts\/113123","targetHints":{"allow":["GET"]}}],"collection":[{"href":"https:\/\/www.europesays.com\/fr\/wp-json\/wp\/v2\/posts"}],"about":[{"href":"https:\/\/www.europesays.com\/fr\/wp-json\/wp\/v2\/types\/post"}],"author":[{"embeddable":true,"href":"https:\/\/www.europesays.com\/fr\/wp-json\/wp\/v2\/users\/2"}],"replies":[{"embeddable":true,"href":"https:\/\/www.europesays.com\/fr\/wp-json\/wp\/v2\/comments?post=113123"}],"version-history":[{"count":0,"href":"https:\/\/www.europesays.com\/fr\/wp-json\/wp\/v2\/posts\/113123\/revisions"}],"wp:featuredmedia":[{"embeddable":true,"href":"https:\/\/www.europesays.com\/fr\/wp-json\/wp\/v2\/media\/113124"}],"wp:attachment":[{"href":"https:\/\/www.europesays.com\/fr\/wp-json\/wp\/v2\/media?parent=113123"}],"wp:term":[{"taxonomy":"category","embeddable":true,"href":"https:\/\/www.europesays.com\/fr\/wp-json\/wp\/v2\/categories?post=113123"},{"taxonomy":"post_tag","embeddable":true,"href":"https:\/\/www.europesays.com\/fr\/wp-json\/wp\/v2\/tags?post=113123"}],"curies":[{"name":"wp","href":"https:\/\/api.w.org\/{rel}","templated":true}]}}