{"id":113125,"date":"2025-05-20T01:17:13","date_gmt":"2025-05-20T01:17:13","guid":{"rendered":"https:\/\/www.europesays.com\/fr\/113125\/"},"modified":"2025-05-20T01:17:13","modified_gmt":"2025-05-20T01:17:13","slug":"every-bodies-plus-on-parle-du-handicap-plus-on-le-banalise","status":"publish","type":"post","link":"https:\/\/www.europesays.com\/fr\/113125\/","title":{"rendered":"Every Bodies : \u00ab\u00a0Plus on parle du handicap, plus on le banalise\u00a0\u00bb"},"content":{"rendered":"<p>35 mannequins en situation de handicap devant 1000 spectateurs\u2026 Le d\u00e9fil\u00e9 Every Bodies a tenu toutes ses promesses \u00e0 Villeurbanne. Une ambiance chaleureuse, des yeux qui brillent et une volont\u00e9 affich\u00e9e : celle d\u2019une seconde \u00e9dition dans deux ans<\/p>\n<p>Retour sur le premier <strong>d\u00e9fil\u00e9 de mode inclusif<\/strong> <strong>Every Bodies<\/strong> qui a eu pour cadre la Salle Raphael de Barros \u00e0 Villeurbanne. L\u2019ancienne Maison Verte qui a v\u00e9cu des moments exceptionnels de basket avec l\u2019ASVEL \u00e9poque Alan Gilles, a connu un autre \u00e9v\u00e9nement historique.<\/p>\n<p>Un parquet transform\u00e9 en podium, des vestiaires transform\u00e9s en loges\u202635 mannequins en situation de handicap se sont pr\u00e9sent\u00e9s au publi. Nous avons rencotr\u00e9 Andr\u00e9 et Hippolyte \u00e0 la fin du d\u00e9fil\u00e9\u2026<\/p>\n<p> \u00ab\u00a0Si on peut faire changer le regard sur les <strong>personnes handicap\u00e9es<\/strong>\u2026\u00a0\u00bb<\/p>\n<p>\u00ab\u00a0Il y a eu beaucoup de monde. C\u2019\u00e9tait chouette, un beau spectacle. Et c\u2019est bien qu\u2019on ait eu ce projet. Il faut que la soci\u00e9t\u00e9 bouge et\u2026 Il y a eu des progr\u00e8s mais c\u2019est vrai que c\u2019est jamais assez. Si on peut faire changer la soci\u00e9t\u00e9, surtout le regard sur les <strong>personnes handicap\u00e9es<\/strong>\u2026\u00a0\u00bb<\/p>\n<p>Ecoutez le podcast<\/p>\n<p><video controls=\"\" src=\"https:\/\/www.lyondemain.fr\/wp-content\/uploads\/2025\/05\/every-bodies.mov\"\/><\/p>\n<p>Le <strong>d\u00e9fil\u00e9 Every Bodies<\/strong> a permis \u00e0 140 \u00e9tudiants et \u00e9tudiantes de l\u2019<strong><a href=\"https:\/\/www.esmod.com\/\" target=\"_blank\" rel=\"noreferrer noopener nofollow\">ESMOD Lyon<\/a><\/strong> de travailler sur un projet concret et <strong>inclusif<\/strong>. Satisfaction de la directrice de l\u2019\u00e9cole de mode : <strong>Nathalie Albr\u00e8gue<\/strong>. \u00ab\u00a0Ce d\u00e9fil\u00e9 aurait pu durer des heures. On \u00e9tait heureux parce que c\u2019est l\u2019aboutissement d\u2019un tr\u00e8s tr\u00e8s beau projet qui allie la <strong>mode<\/strong>, l\u2019<strong>inclusion<\/strong>\u2026 Qui a \u00e9t\u00e9 un challenge p\u00e9dagogique pour nous, parce qu\u2019on a travaill\u00e9 tout en <strong>sur-mesure<\/strong>. Ce qui n\u2019est pas forc\u00e9ment le cas dans une \u00e9cole. Donc vraiment un challenge de techniques et de <strong>stylisme<\/strong>. Mais selon l\u2019envie de nos mannequins et une aventure humaine assez incroyable. Et comme nos jeunes vont demain faire <strong>la mode du futur<\/strong>\u2026.Je pense qu\u2019ils auront une vision et une approche des choses diff\u00e9rentes\u00a0\u00bb.<\/p>\n<p>\u00ab\u00a0La vraie mode, c\u2019est pour les vrais gens\u2026\u00a0\u00bb<\/p>\n<p>Le final du <strong>d\u00e9fil\u00e9 de mode<\/strong> a r\u00e9uni sur la piste les 35 participants emmen\u00e9s par une fille en fauteuil, dans une <strong>robe de mari\u00e9e<\/strong> con\u00e7ue par le couturier lyonnais<strong> <a href=\"https:\/\/nicolasfafiotte.com\/\" target=\"_blank\" rel=\"noreferrer noopener nofollow\">Nicolas Fafiotte<\/a><\/strong>. Le<strong> couturier<\/strong> s\u2019est confi\u00e9 \u00e0 notre micro.<\/p>\n<p>\u00ab\u00a0Je suis tr\u00e8s sensible \u00e0 la cause parce que j\u2019ai la chance d\u2019avoir une belle-s\u0153ur qui est en <strong>situation de handicap<\/strong>. Donc en fait, j\u2019ai vraiment la vision d\u2019autres vies. Je suis esmodien, on va dire, un ancien de l\u2019\u00e9cole <strong>Esmod<\/strong>. Et c\u2019est vrai que quand le projet s\u2019est mis en place, moi j\u2019avais vraiment envie d\u2019y participer\u2026 Il faut un peu d\u00e9coincer le c\u00f4t\u00e9 mode. Je fais plein de choses en mode et il y a des tr\u00e8s belles filles : 1m80, taille 36, mais il y a aussi tous les autres. Et pour moi, par exemple, la <strong>mode<\/strong>, elle doit \u00eatre port\u00e9e. La vraie mode, c\u2019est les vrais gens. La jeune fille qui d\u00e9filait n\u2019\u00e9tait pas une vraie mari\u00e9e. Mais en fait, demain, \u00e7a peut \u00eatre une vraie mari\u00e9e. Il faut montrer aux gens que la diff\u00e9rence n\u2019est pas grave. Elle est plut\u00f4t belle. Et je suis assez fier\u2026\u00a0\u00bb<\/p>\n<p>Deux ans pour pr\u00e9parer une deuxi\u00e8me \u00e9dition d\u2019Every Bodies<\/p>\n<p>A peine termin\u00e9e, le premier <strong>d\u00e9fil\u00e9 Every Bodies<\/strong> laisse d\u00e9j\u00e0 entrevoir une deuxi\u00e8me \u00e9dition. Nous avons rencontr\u00e9 <strong>B\u00e9atrice Moderne<\/strong>, pr\u00e9sidente de l\u2019association <strong>PIH (Premi\u00e8rement : Inclusion et humanit\u00e9)<\/strong>, porteure de l\u2019\u00e9v\u00e9nement.<\/p>\n<p><img loading=\"lazy\" decoding=\"async\" width=\"1200\" height=\"675\" src=\"https:\/\/www.europesays.com\/fr\/wp-content\/uploads\/2025\/05\/Every-Bodies-phto-generale.png\" alt=\"Every Bodies\" class=\"wp-image-249493\"  \/><\/p>\n<p>\u00ab\u00a0Vu les retours que j\u2019ai, o\u00f9 tout le monde me demande de revenir, j\u2019esp\u00e8re que c\u2019est le d\u00e9but d\u2019une grande aventure. C\u2019\u00e9tait un peu l\u2019objectif de transformer l\u2019essai aujourd\u2019hui. On se donne rendez-vous dans deux ans. Le v\u00eatement, la mode, ce sera toujours un sujet central. Mais je pense qu\u2019on peut peut-\u00eatre y associer le mouvement. Quand vous \u00eates diff\u00e9rent, vous n\u2019avancez pas de la m\u00eame mani\u00e8re, vous ne bougez pas de la m\u00eame fa\u00e7on. Donc je pense qu\u2019on peut peut-\u00eatre y associer des danseurs\u2026\u00a0\u00bb<\/p>\n<p>Ecoutez aussi : <a href=\"https:\/\/www.lyondemain.fr\/defile-every-bodies-mode-handicap\/\" target=\"_blank\" rel=\"noreferrer noopener nofollow\">D\u00e9fil\u00e9 \u00ab Every Bodies \u00bb : quand la mode dit oui \u00e0 l\u2019inclusion<\/a><\/p>\n<p><img loading=\"lazy\" decoding=\"async\" width=\"1200\" height=\"675\" src=\"https:\/\/www.europesays.com\/fr\/wp-content\/uploads\/2025\/05\/Every-Bodies-mannequins.jpg\" alt=\"mannequins\" class=\"wp-image-249492\"  \/><br \/>\nJ\u2019aime \u00e7a\u00a0:<\/p>\n<p>J\u2019aime chargement\u2026<\/p>\n<p><a class=\"sd-link-color\"\/><\/p>\n<p>\n\tArticles similaires\n<\/p>\n<p>\t\t\t\t<img decoding=\"async\" src=\"https:\/\/www.europesays.com\/fr\/wp-content\/uploads\/2025\/05\/1747703833_36_7866158698e17e8ed633c05e8f8e7fe5d9e057ad78661c4dc34e413abb6b9f19\" alt=\"G\u00e9rald Bouchon\"\/><\/p>\n<p>Pionnier des radios libres, passionn\u00e9 de radio, journaliste et dirigeant de m\u00e9dias \u00e9co-responsables..<\/p>\n","protected":false},"excerpt":{"rendered":"35 mannequins en situation de handicap devant 1000 spectateurs\u2026 Le d\u00e9fil\u00e9 Every Bodies a tenu toutes ses promesses&hellip;\n","protected":false},"author":2,"featured_media":113126,"comment_status":"","ping_status":"","sticky":false,"template":"","format":"standard","meta":{"footnotes":""},"categories":[1889],"tags":[1111,11,2430,23028,4079,23276,1777,674,23030,1011,27,1943,15498,2428,985,23033,12,23277,25,10988],"class_list":{"0":"post-113125","1":"post","2":"type-post","3":"status-publish","4":"format-standard","5":"has-post-thumbnail","7":"category-lyon","8":"tag-actu","9":"tag-actualites","10":"tag-auvergne-rhone-alpes","11":"tag-beatrice-moderne","12":"tag-defile-de-mode","13":"tag-esmod","14":"tag-eu","15":"tag-europe","16":"tag-every-bodies","17":"tag-fr","18":"tag-france","19":"tag-handicap","20":"tag-inclusion","21":"tag-lyon","22":"tag-mode","23":"tag-nathalie-albregue","24":"tag-news","25":"tag-nicolas-fafiotte","26":"tag-republique-francaise","27":"tag-robe-de-mariee"},"share_on_mastodon":{"url":"https:\/\/pubeurope.com\/@fr\/114537525704820593","error":""},"_links":{"self":[{"href":"https:\/\/www.europesays.com\/fr\/wp-json\/wp\/v2\/posts\/113125","targetHints":{"allow":["GET"]}}],"collection":[{"href":"https:\/\/www.europesays.com\/fr\/wp-json\/wp\/v2\/posts"}],"about":[{"href":"https:\/\/www.europesays.com\/fr\/wp-json\/wp\/v2\/types\/post"}],"author":[{"embeddable":true,"href":"https:\/\/www.europesays.com\/fr\/wp-json\/wp\/v2\/users\/2"}],"replies":[{"embeddable":true,"href":"https:\/\/www.europesays.com\/fr\/wp-json\/wp\/v2\/comments?post=113125"}],"version-history":[{"count":0,"href":"https:\/\/www.europesays.com\/fr\/wp-json\/wp\/v2\/posts\/113125\/revisions"}],"wp:featuredmedia":[{"embeddable":true,"href":"https:\/\/www.europesays.com\/fr\/wp-json\/wp\/v2\/media\/113126"}],"wp:attachment":[{"href":"https:\/\/www.europesays.com\/fr\/wp-json\/wp\/v2\/media?parent=113125"}],"wp:term":[{"taxonomy":"category","embeddable":true,"href":"https:\/\/www.europesays.com\/fr\/wp-json\/wp\/v2\/categories?post=113125"},{"taxonomy":"post_tag","embeddable":true,"href":"https:\/\/www.europesays.com\/fr\/wp-json\/wp\/v2\/tags?post=113125"}],"curies":[{"name":"wp","href":"https:\/\/api.w.org\/{rel}","templated":true}]}}