{"id":113127,"date":"2025-05-20T01:18:18","date_gmt":"2025-05-20T01:18:18","guid":{"rendered":"https:\/\/www.europesays.com\/fr\/113127\/"},"modified":"2025-05-20T01:18:18","modified_gmt":"2025-05-20T01:18:18","slug":"six-blesses-dont-trois-graves-dans-une-rixe-au-couteau-2","status":"publish","type":"post","link":"https:\/\/www.europesays.com\/fr\/113127\/","title":{"rendered":"six bless\u00e9s, dont trois graves, dans une rixe au couteau"},"content":{"rendered":"<p>Au moins six personnes ont \u00e9t\u00e9 bless\u00e9es lundi 19\u00a0mai 2025 au soir \u00e0 Lyon, dont trois gri\u00e8vement, dans une rixe au couteau cons\u00e9cutive \u00e0 la collision entre deux voitures, a annonc\u00e9 la pr\u00e9fecture.<\/p>\n<p>Peu apr\u00e8s 20\u00a0h, apr\u00e8s un accident entre leurs deux v\u00e9hicules dont on ignore les circonstances, les occupants se sont battus \u00e0 coups de couteau sur une avenue du 5e\u00a0arrondissement, dans l\u2019ouest de Lyon, selon la m\u00eame source qui confirme une information du quotidien r\u00e9gional <a target=\"_blank\" href=\"https:\/\/www.leprogres.fr\/faits-divers-justice\/2025\/05\/19\/rixe-a-coups-de-couteaux-six-blesses-dont-deux-graves-a-menival\" rel=\"nofollow noopener\">Le Progr\u00e8s.<\/a><\/p>\n<p>Les bless\u00e9s \u00e2g\u00e9s de 27 \u00e0 34\u00a0ans<\/p>\n<p>Plusieurs \u00e9quipages de pompiers, du Samu et de la police ont trouv\u00e9 sur place six bless\u00e9s, trois en urgence absolue avec pronostic vital engag\u00e9 pour deux d\u2019entre eux, et trois en urgence relative, selon la pr\u00e9fecture de la r\u00e9gion Auvergne-Rh\u00f4ne-Alpes.<\/p>\n<p>Les bless\u00e9s sont \u00e2g\u00e9s de 27 \u00e0 34\u00a0ans et ont \u00e9t\u00e9 conduits dans diff\u00e9rents h\u00f4pitaux, sous escorte polici\u00e8re.<\/p>\n","protected":false},"excerpt":{"rendered":"Au moins six personnes ont \u00e9t\u00e9 bless\u00e9es lundi 19\u00a0mai 2025 au soir \u00e0 Lyon, dont trois gri\u00e8vement, dans&hellip;\n","protected":false},"author":2,"featured_media":113128,"comment_status":"","ping_status":"","sticky":false,"template":"","format":"standard","meta":{"footnotes":""},"categories":[1889],"tags":[328,1111,11,2430,1777,674,274,1011,27,329,2428,12,25],"class_list":{"0":"post-113127","1":"post","2":"type-post","3":"status-publish","4":"format-standard","5":"has-post-thumbnail","7":"category-lyon","8":"tag-a-la-une","9":"tag-actu","10":"tag-actualites","11":"tag-auvergne-rhone-alpes","12":"tag-eu","13":"tag-europe","14":"tag-faits-divers-justice","15":"tag-fr","16":"tag-france","17":"tag-france-monde","18":"tag-lyon","19":"tag-news","20":"tag-republique-francaise"},"share_on_mastodon":{"url":"https:\/\/pubeurope.com\/@fr\/114537529561062265","error":""},"_links":{"self":[{"href":"https:\/\/www.europesays.com\/fr\/wp-json\/wp\/v2\/posts\/113127","targetHints":{"allow":["GET"]}}],"collection":[{"href":"https:\/\/www.europesays.com\/fr\/wp-json\/wp\/v2\/posts"}],"about":[{"href":"https:\/\/www.europesays.com\/fr\/wp-json\/wp\/v2\/types\/post"}],"author":[{"embeddable":true,"href":"https:\/\/www.europesays.com\/fr\/wp-json\/wp\/v2\/users\/2"}],"replies":[{"embeddable":true,"href":"https:\/\/www.europesays.com\/fr\/wp-json\/wp\/v2\/comments?post=113127"}],"version-history":[{"count":0,"href":"https:\/\/www.europesays.com\/fr\/wp-json\/wp\/v2\/posts\/113127\/revisions"}],"wp:featuredmedia":[{"embeddable":true,"href":"https:\/\/www.europesays.com\/fr\/wp-json\/wp\/v2\/media\/113128"}],"wp:attachment":[{"href":"https:\/\/www.europesays.com\/fr\/wp-json\/wp\/v2\/media?parent=113127"}],"wp:term":[{"taxonomy":"category","embeddable":true,"href":"https:\/\/www.europesays.com\/fr\/wp-json\/wp\/v2\/categories?post=113127"},{"taxonomy":"post_tag","embeddable":true,"href":"https:\/\/www.europesays.com\/fr\/wp-json\/wp\/v2\/tags?post=113127"}],"curies":[{"name":"wp","href":"https:\/\/api.w.org\/{rel}","templated":true}]}}