{"id":1131305,"date":"2026-08-16T23:18:18","date_gmt":"2026-08-16T23:18:18","guid":{"rendered":"https:\/\/www.europesays.com\/fr\/1131305\/"},"modified":"2026-08-16T23:18:18","modified_gmt":"2026-08-16T23:18:18","slug":"lajax-fait-ses-adieux-a-godts-avec-un-message-plein-de-classe-a-paris-the-future-belongs-to-young-godts-2","status":"publish","type":"post","link":"https:\/\/www.europesays.com\/fr\/1131305\/","title":{"rendered":"L&rsquo;Ajax fait ses adieux \u00e0 Godts avec un message plein de classe \u00e0 Paris : THE FUTURE BELONGS TO YOUNG GODTS"},"content":{"rendered":"<p>PARIS, 16 ao\u00fbt 2026 \/PRNewswire\/ &#8212; L&rsquo;Ajax dit ses adieux \u00e0 Godts avec un message plein de classe \u00e0 Paris :<br class=\"dnr\"\/><b>THE FUTURE BELONGS TO YOUNG GODTS.<\/b><\/p>\n<p>Hier, il a \u00e9t\u00e9 annonc\u00e9 que Mika Godts quittait l&rsquo;Ajax pour le Paris Saint-Germain. Issu du centre de formation de l&rsquo;Ajax, l&rsquo;ailier quitte aujourd&rsquo;hui le club dans le cadre d&rsquo;un transfert de 55 millions d&rsquo;euros, un record pour une saison de l&rsquo;Eredivisie.<\/p>\n<p>          <a href=\"#\" class=\"tabfocus\" role=\"button\"><img title=\"The banner Ajax placed along the Seine.\" data-getimg=\"https:\/\/mmx.prnewswire.com\/media\/MS1970233\/Press-Photo-Godts-Ajax-PSG-1.jpg?id=OA2888347&amp;w=500\" id=\"imageid_2\" alt=\"The banner Ajax placed along the Seine.\" class=\"gallery-thumb img-responsive\" rel=\"newsImage\" itemprop=\"contentUrl\" loading=\"lazy\"\/><\/a><\/p>\n<p>        The banner Ajax placed along the Seine.<\/p>\n<p>L&rsquo;Ajax a organis\u00e9 un adieu en grande pompe pour Godts, en d\u00e9ployant une banderole g\u00e9ante en plein c\u0153ur de Paris. Par ce geste, le club lui a souhait\u00e9 bonne chance \u00e0 Paris tout en affirmant tr\u00e8s clairement une chose : <b>la jeunesse, c&rsquo;est l&rsquo;avenir<\/b>\u00a0: une philosophie que l&rsquo;Ajax incarne depuis plus de 125 ans.<\/p>\n<p><b>Note \u00e0 l&rsquo;attention des r\u00e9dacteurs \/ ne pas publier<\/b><\/p>\n<p>Les \u00e9l\u00e9ments suivants peuvent \u00eatre utilis\u00e9s librement : <a href=\"https:\/\/drive.google.com\/drive\/folders\/1r6D2XtRyUCtEoQd2jb7EsoUTrWJ6eguT?usp=sharing\" target=\"_blank\" rel=\"nofollow noopener\">LIEN<\/a><\/p>\n<p><img decoding=\"async\" alt=\"\" src=\"https:\/\/rt.prnewswire.com\/rt.gif?NewsItemId=FR27150&amp;Transmission_Id=202608161650PR_NEWS_EURO_ND__FR27150&amp;DateId=20260816\" style=\"border:0px; width:1px; height:1px;\"\/><\/p>\n","protected":false},"excerpt":{"rendered":"PARIS, 16 ao\u00fbt 2026 \/PRNewswire\/ &#8212; L&rsquo;Ajax dit ses adieux \u00e0 Godts avec un message plein de classe&hellip;\n","protected":false},"author":2,"featured_media":1131306,"comment_status":"","ping_status":"","sticky":false,"template":"","format":"standard","meta":{"footnotes":"","_share_on_mastodon":"0"},"categories":[1888],"tags":[1111,1928,11,1927,116059,55488,116061,1777,674,1011,27,116058,45511,12,1926,626,1925,116062,25,116060,116057],"class_list":["post-1131305","post","type-post","status-publish","format-standard","has-post-thumbnail","category-paris","tag-actu","tag-actu-paris","tag-actualites","tag-actualites-paris","tag-advertising","tag-ajax","tag-contracts","tag-eu","tag-europe","tag-fr","tag-france","tag-general-sports","tag-licensing","tag-news","tag-news-paris","tag-paris","tag-paris-news","tag-personnel-announcements","tag-republique-francaise","tag-restructuring-recapitalization","tag-sporting-events"],"share_on_mastodon":{"url":"https:\/\/pubeurope.com\/@fr\/117107748899758122","error":""},"_links":{"self":[{"href":"https:\/\/www.europesays.com\/fr\/wp-json\/wp\/v2\/posts\/1131305","targetHints":{"allow":["GET"]}}],"collection":[{"href":"https:\/\/www.europesays.com\/fr\/wp-json\/wp\/v2\/posts"}],"about":[{"href":"https:\/\/www.europesays.com\/fr\/wp-json\/wp\/v2\/types\/post"}],"author":[{"embeddable":true,"href":"https:\/\/www.europesays.com\/fr\/wp-json\/wp\/v2\/users\/2"}],"replies":[{"embeddable":true,"href":"https:\/\/www.europesays.com\/fr\/wp-json\/wp\/v2\/comments?post=1131305"}],"version-history":[{"count":0,"href":"https:\/\/www.europesays.com\/fr\/wp-json\/wp\/v2\/posts\/1131305\/revisions"}],"wp:featuredmedia":[{"embeddable":true,"href":"https:\/\/www.europesays.com\/fr\/wp-json\/wp\/v2\/media\/1131306"}],"wp:attachment":[{"href":"https:\/\/www.europesays.com\/fr\/wp-json\/wp\/v2\/media?parent=1131305"}],"wp:term":[{"taxonomy":"category","embeddable":true,"href":"https:\/\/www.europesays.com\/fr\/wp-json\/wp\/v2\/categories?post=1131305"},{"taxonomy":"post_tag","embeddable":true,"href":"https:\/\/www.europesays.com\/fr\/wp-json\/wp\/v2\/tags?post=1131305"}],"curies":[{"name":"wp","href":"https:\/\/api.w.org\/{rel}","templated":true}]}}