{"id":113131,"date":"2025-05-20T01:21:09","date_gmt":"2025-05-20T01:21:09","guid":{"rendered":"https:\/\/www.europesays.com\/fr\/113131\/"},"modified":"2025-05-20T01:21:09","modified_gmt":"2025-05-20T01:21:09","slug":"le-trafic-reste-perturbe-ce-lundi-15-de-vols-supprimes-et-de-nombreux-retards","status":"publish","type":"post","link":"https:\/\/www.europesays.com\/fr\/113131\/","title":{"rendered":"le trafic reste perturb\u00e9 ce lundi, 15% de vols supprim\u00e9s et de nombreux retards"},"content":{"rendered":"<p>            Par<br \/>\n        <strong><br \/>\n            <a href=\"https:\/\/actu.fr\/auteur\/redaction-paris\" title=\"Consulter tous les articles de R\u00e9daction Paris\" target=\"_blank\" rel=\"noopener\">R\u00e9daction Paris<\/a><br \/>\n        <\/strong><\/p>\n<p>        Publi\u00e9 le<\/p>\n<p>            19 mai 2025 \u00e0 9h33        <\/p>\n<p>Si la circulation est difficile sur les routes ce lundi 19\u00a0mai 2025 en raison de la <a href=\"https:\/\/actu.fr\/ile-de-france\/paris_75056\/manifestation-des-taxis-operation-escargot-sur-l-a6-la-circulation-perturbee-sur-les-routes-d-ile-de-france_62653692.html\" target=\"_blank\" rel=\"noopener\">manifestation des taxis<\/a>, ce n\u2019est pas mieux dans les airs. Au <a href=\"https:\/\/actu.fr\/ile-de-france\/orly_94054\/panne-des-dispositifs-de-controle-aerien-a-l-aeroport-d-orly-le-trafic-aerien-reduit-de-40-jusqu-a-ce-soir_62652874.html\" target=\"_blank\" rel=\"noopener\">lendemain de la panne des dispositifs de contr\u00f4le a\u00e9rien<\/a> \u00e0 <a href=\"https:\/\/actu.fr\/tag\/aeroport-dorly\" target=\"_blank\" rel=\"noopener\">l\u2019a\u00e9roport d\u2019Orly,<\/a> le trafic n\u2019est toujours <strong>pas enti\u00e8rement revenu \u00e0 la normale<\/strong>, fait savoir la direction g\u00e9n\u00e9rale de l\u2019Aviation civile (DGAC).<\/p>\n<p>\u00ab\u2009Annulations et retards sont \u00e0 pr\u00e9voir\u2009\u00bb<\/p>\n<p class=\" wall-content\">\u00ab\u2009Des annulations et des retards sont \u00e0 pr\u00e9voir pour la journ\u00e9e du lundi 19\u00a0mai 2025\u2009\u00bb, pr\u00e9vient la DGAC sur X qui invite les voyageurs \u00e0 se rapprocher de leur compagnie a\u00e9rienne \u00ab\u2009pour plus d\u2019informations\u2009\u00bb. Les programmes des vols ont \u00e9t\u00e9 r\u00e9duits de 15\u2009% pour la journ\u00e9e. Sur le site de l\u2019a\u00e9roport d\u2019Orly, une <strong>quinzaine<\/strong> de vols sont marqu\u00e9s comme \u00ab\u2009annul\u00e9\u2009\u00bb dans le sens des d\u00e9parts et <strong>22<\/strong> dans celui des arriv\u00e9s.<\/p>\n<p class=\" wall-content\">\n<p class=\" wall-content\">\u00ab\u2009Les \u00e9quipes techniques restent <strong>pleinement mobilis\u00e9es<\/strong> pour permettre la stabilisation totale de la situation\u2009\u00bb, ajoute la DGAC.\u00a0Dimanche 18\u00a0mai 2025, 40\u2009% des vols avaient \u00e9t\u00e9 supprim\u00e9s.<\/p>\n<p class=\" wall-content\">Suivez toute l\u2019actualit\u00e9 de vos villes et m\u00e9dias favoris en vous inscrivant \u00e0 <a href=\"https:\/\/moncompte.actu.fr\" title=\"D\u00e9couvez Mon Actu\" rel=\"nofollow noopener\" data-trk=\"{&quot;cta&quot;:{&quot;action&quot;:&quot;https:\\\/\\\/moncompte.actu.fr&quot;,&quot;category&quot;:&quot;mon compte&quot;,&quot;from&quot;:&quot;article footer&quot;,&quot;name&quot;:&quot;Mon actu&quot;,&quot;type&quot;:&quot;cta&quot;}}\" target=\"_blank\">Mon Actu<\/a>.<\/p>\n","protected":false},"excerpt":{"rendered":"Par R\u00e9daction Paris Publi\u00e9 le 19 mai 2025 \u00e0 9h33 Si la circulation est difficile sur les routes&hellip;\n","protected":false},"author":2,"featured_media":113132,"comment_status":"","ping_status":"","sticky":false,"template":"","format":"standard","meta":{"footnotes":""},"categories":[1888],"tags":[1111,1928,11,1927,659,1777,674,1011,27,12,1926,10899,626,1925,25,104],"class_list":{"0":"post-113131","1":"post","2":"type-post","3":"status-publish","4":"format-standard","5":"has-post-thumbnail","7":"category-paris","8":"tag-actu","9":"tag-actu-paris","10":"tag-actualites","11":"tag-actualites-paris","12":"tag-aeroport-dorly","13":"tag-eu","14":"tag-europe","15":"tag-fr","16":"tag-france","17":"tag-news","18":"tag-news-paris","19":"tag-panne","20":"tag-paris","21":"tag-paris-news","22":"tag-republique-francaise","23":"tag-societe"},"share_on_mastodon":{"url":"https:\/\/pubeurope.com\/@fr\/114537541354277900","error":""},"_links":{"self":[{"href":"https:\/\/www.europesays.com\/fr\/wp-json\/wp\/v2\/posts\/113131","targetHints":{"allow":["GET"]}}],"collection":[{"href":"https:\/\/www.europesays.com\/fr\/wp-json\/wp\/v2\/posts"}],"about":[{"href":"https:\/\/www.europesays.com\/fr\/wp-json\/wp\/v2\/types\/post"}],"author":[{"embeddable":true,"href":"https:\/\/www.europesays.com\/fr\/wp-json\/wp\/v2\/users\/2"}],"replies":[{"embeddable":true,"href":"https:\/\/www.europesays.com\/fr\/wp-json\/wp\/v2\/comments?post=113131"}],"version-history":[{"count":0,"href":"https:\/\/www.europesays.com\/fr\/wp-json\/wp\/v2\/posts\/113131\/revisions"}],"wp:featuredmedia":[{"embeddable":true,"href":"https:\/\/www.europesays.com\/fr\/wp-json\/wp\/v2\/media\/113132"}],"wp:attachment":[{"href":"https:\/\/www.europesays.com\/fr\/wp-json\/wp\/v2\/media?parent=113131"}],"wp:term":[{"taxonomy":"category","embeddable":true,"href":"https:\/\/www.europesays.com\/fr\/wp-json\/wp\/v2\/categories?post=113131"},{"taxonomy":"post_tag","embeddable":true,"href":"https:\/\/www.europesays.com\/fr\/wp-json\/wp\/v2\/tags?post=113131"}],"curies":[{"name":"wp","href":"https:\/\/api.w.org\/{rel}","templated":true}]}}