{"id":113133,"date":"2025-05-20T01:22:18","date_gmt":"2025-05-20T01:22:18","guid":{"rendered":"https:\/\/www.europesays.com\/fr\/113133\/"},"modified":"2025-05-20T01:22:18","modified_gmt":"2025-05-20T01:22:18","slug":"une-femme-victime-dun-home-jacking-dans-le-quartier-du-champ-de-mars","status":"publish","type":"post","link":"https:\/\/www.europesays.com\/fr\/113133\/","title":{"rendered":"une femme victime d\u2019un home-jacking dans le quartier du Champ-de-Mars"},"content":{"rendered":"<p>\u00a0\u00bb<br \/>\n        data-script=\u00a0\u00bbhttps:\/\/static.lefigaro.fr\/widget-video\/short-ttl\/video\/index.js\u00a0\u00bb<br \/>\n    &gt;<\/p>\n<p>Quatre individus cagoul\u00e9s lui ont vol\u00e9 une montre de la marque Cartier dans la nuit de dimanche \u00e0 lundi. Le pr\u00e9judice est estim\u00e9 \u00e0 environ 20.000 euros.<\/p>\n<p class=\"fig-paragraph\">Un nouveau\u00a0<a href=\"http:\/\/www.lefigaro.fr\/faits-divers\/paris-violent-home-jacking-au-domicile-d-un-couple-d-avocats-20240112\" target=\"_blank\" data-fig-type=\"NewsFlash\" rel=\"noopener\" data-gtm-custom-categorie=\"navigation\" data-gtm-custom-action=\"crossclick\" data-gtm-custom-label=\"Contextuel\" data-gtm-event=\"customEventSPE\" data-fig-domain=\"LEFIGARO\">home-jacking<\/a>\u00a0dans un quartier chic de la capitale. Dans la nuit de dimanche \u00e0 lundi, quatre individus ont cambriol\u00e9 le domicile d\u2019une femme de 69 ans, dans une petite rue jouxtant le Champ-de-Mars (Paris 7e), a appris Le Figaro de sources concordantes.<\/p>\n<p class=\"fig-paragraph\">Les malfaiteurs, cagoul\u00e9s, ont fait irruption \u00e0 son domicile, peu apr\u00e8s 3 heures, en cassant une vitre donnant sur un jardin. Ils sont alors tomb\u00e9s nez \u00e0 nez avec la propri\u00e9taire. Les intrus ont eu le temps de voler une montre de la marque Cartier d\u2019une valeur d\u2019environ 20.000 euros avant d\u2019\u00eatre mis en fuite par une alarme.<\/p>\n<p>La police judiciaire charg\u00e9e de l\u2019enqu\u00eate<\/p>\n<p class=\"fig-paragraph\">Le quatuor a pris la fuite \u00e0 bord d\u2019une berline, conduite par un cinqui\u00e8me individu qui les attendait \u00e0 l\u2019ext\u00e9rieur. Le parquet de Paris nous indique avoir saisi le 3e district de police judiciaire (3e DPJ) d\u2019une enqu\u00eate pour \u00abvol par effraction dans un domicile en bande organis\u00e9e\u00bb.<\/p>\n<p class=\"fig-paragraph\">Au-del\u00e0 des cas m\u00e9diatiques &#8211; joueurs de foot, artistes ou influenceurs -,\u00a0<a href=\"https:\/\/www.lefigaro.fr\/actualite-france\/renseignes-ultraviolents-et-sans-scrupules-ces-voyous-qui-sequestrent-a-domicile-20231228\" target=\"_blank\" data-fig-type=\"Article\" rel=\"noopener\" data-gtm-custom-categorie=\"navigation\" data-gtm-custom-action=\"crossclick\" data-gtm-custom-label=\"Contextuel\" data-gtm-event=\"customEventSPE\" data-fig-domain=\"LEFIGARO\">les cambriolages en pr\u00e9sence des occupants<\/a>\u00a0n\u2019\u00e9pargnent pas non plus des anonymes, souvent rep\u00e9r\u00e9s en amont. Les d\u00e9linquants n\u2019h\u00e9sitent pas \u00e0\u00a0<a href=\"http:\/\/www.lefigaro.fr\/faits-divers\/hauts-de-seine-un-couple-et-leurs-enfants-menaces-au-couteau-par-des-cambrioleurs-300-000-euros-de-prejudice-20250404\" target=\"_blank\" data-fig-type=\"NewsFlash\" rel=\"noopener\" data-gtm-custom-categorie=\"navigation\" data-gtm-custom-action=\"crossclick\" data-gtm-custom-label=\"Contextuel\" data-gtm-event=\"customEventSPE\" data-fig-domain=\"LEFIGARO\">terroriser des familles sous la menace de couteaux<\/a>. En 2023, les autorit\u00e9s avaient recens\u00e9 515 home-jackings et tentatives de home-jacking, contre 475 en 2022.<\/p>\n","protected":false},"excerpt":{"rendered":"\u00a0\u00bb data-script=\u00a0\u00bbhttps:\/\/static.lefigaro.fr\/widget-video\/short-ttl\/video\/index.js\u00a0\u00bb &gt; Quatre individus cagoul\u00e9s lui ont vol\u00e9 une montre de la marque Cartier dans la nuit&hellip;\n","protected":false},"author":2,"featured_media":113134,"comment_status":"","ping_status":"","sticky":false,"template":"","format":"standard","meta":{"footnotes":""},"categories":[1888],"tags":[119,1111,1928,11,1927,3694,1174,271,2951,3695,1777,674,3696,118,1011,27,2825,1253,303,12,1926,626,1925,1072,2694,25,7184,2949],"class_list":{"0":"post-113133","1":"post","2":"type-post","3":"status-publish","4":"format-standard","5":"has-post-thumbnail","7":"category-paris","8":"tag-accident","9":"tag-actu","10":"tag-actu-paris","11":"tag-actualites","12":"tag-actualites-paris","13":"tag-affaires","14":"tag-cambriolage","15":"tag-crime","16":"tag-criminalite","17":"tag-enquetes","18":"tag-eu","19":"tag-europe","20":"tag-evenements","21":"tag-faits-divers","22":"tag-fr","23":"tag-france","24":"tag-insecurite","25":"tag-islamisme","26":"tag-justice","27":"tag-news","28":"tag-news-paris","29":"tag-paris","30":"tag-paris-news","31":"tag-police","32":"tag-proces","33":"tag-republique-francaise","34":"tag-tour-eiffel","35":"tag-violences"},"share_on_mastodon":{"url":"https:\/\/pubeurope.com\/@fr\/114537545255195418","error":""},"_links":{"self":[{"href":"https:\/\/www.europesays.com\/fr\/wp-json\/wp\/v2\/posts\/113133","targetHints":{"allow":["GET"]}}],"collection":[{"href":"https:\/\/www.europesays.com\/fr\/wp-json\/wp\/v2\/posts"}],"about":[{"href":"https:\/\/www.europesays.com\/fr\/wp-json\/wp\/v2\/types\/post"}],"author":[{"embeddable":true,"href":"https:\/\/www.europesays.com\/fr\/wp-json\/wp\/v2\/users\/2"}],"replies":[{"embeddable":true,"href":"https:\/\/www.europesays.com\/fr\/wp-json\/wp\/v2\/comments?post=113133"}],"version-history":[{"count":0,"href":"https:\/\/www.europesays.com\/fr\/wp-json\/wp\/v2\/posts\/113133\/revisions"}],"wp:featuredmedia":[{"embeddable":true,"href":"https:\/\/www.europesays.com\/fr\/wp-json\/wp\/v2\/media\/113134"}],"wp:attachment":[{"href":"https:\/\/www.europesays.com\/fr\/wp-json\/wp\/v2\/media?parent=113133"}],"wp:term":[{"taxonomy":"category","embeddable":true,"href":"https:\/\/www.europesays.com\/fr\/wp-json\/wp\/v2\/categories?post=113133"},{"taxonomy":"post_tag","embeddable":true,"href":"https:\/\/www.europesays.com\/fr\/wp-json\/wp\/v2\/tags?post=113133"}],"curies":[{"name":"wp","href":"https:\/\/api.w.org\/{rel}","templated":true}]}}