{"id":113135,"date":"2025-05-20T01:23:09","date_gmt":"2025-05-20T01:23:09","guid":{"rendered":"https:\/\/www.europesays.com\/fr\/113135\/"},"modified":"2025-05-20T01:23:09","modified_gmt":"2025-05-20T01:23:09","slug":"sourcing-creatif-et-rigueur-budgetaire-comment-les-grands-magasins-parisiens-orchestrent-leurs-achats-mode-2","status":"publish","type":"post","link":"https:\/\/www.europesays.com\/fr\/113135\/","title":{"rendered":"Sourcing cr\u00e9atif et rigueur budg\u00e9taire: comment les grands magasins parisiens orchestrent leurs achats mode"},"content":{"rendered":"<p class=\"article-content col-md-8 offset-md-1\">\n                                \u00c0 l&rsquo;heure o\u00f9 les consommateurs attendent des exp\u00e9riences de shopping aussi inspirantes que fluides, les grands magasins parisiens redoublent d&rsquo;exigence dans la construction de leurs offres. Alors que les maisons historiques consolident leur h\u00e9g\u00e9monie et o\u00f9 la client\u00e8le internationale recherche une offre pointue, ces enseignes jouent un r\u00f4le d\u2019amplificateur pour les marques \u00e9mergentes comme pour les labels confirm\u00e9s. Ce travail est l&rsquo;oeuvre des \u00e9quipes d\u2019achats. Celles-ci pr\u00e9parent en d\u00e9tail une saison avant de sillonner les\n                            <\/p>\n<p>\n                                Tous droits de reproduction et de repr\u00e9sentation r\u00e9serv\u00e9s.<br \/>\u00a9 2025 FashionNetwork.com\n                            <\/p>\n","protected":false},"excerpt":{"rendered":"\u00c0 l&rsquo;heure o\u00f9 les consommateurs attendent des exp\u00e9riences de shopping aussi inspirantes que fluides, les grands magasins parisiens&hellip;\n","protected":false},"author":2,"featured_media":112521,"comment_status":"","ping_status":"","sticky":false,"template":"","format":"standard","meta":{"footnotes":""},"categories":[1888],"tags":[11,2424,537,2423,23205,1777,674,1011,27,4238,23204,8827,2425,7484,985,12,2298,626,4767,2426,2427,25,2421,2422,250],"class_list":{"0":"post-113135","1":"post","2":"type-post","3":"status-publish","4":"format-standard","5":"has-post-thumbnail","7":"category-paris","8":"tag-actualites","9":"tag-beaute","10":"tag-contact","11":"tag-cosmetiques","12":"tag-deauville","13":"tag-eu","14":"tag-europe","15":"tag-fr","16":"tag-france","17":"tag-galeries-lafayette","18":"tag-la-samaritaine","19":"tag-le-bon-marche","20":"tag-luxe","21":"tag-lvmh","22":"tag-mode","23":"tag-news","24":"tag-parfum","25":"tag-paris","26":"tag-printemps","27":"tag-professionnel","28":"tag-professionnels","29":"tag-republique-francaise","30":"tag-reseau","31":"tag-textile","32":"tag-whatsapp"},"share_on_mastodon":{"url":"https:\/\/pubeurope.com\/@fr\/114537549241315845","error":""},"_links":{"self":[{"href":"https:\/\/www.europesays.com\/fr\/wp-json\/wp\/v2\/posts\/113135","targetHints":{"allow":["GET"]}}],"collection":[{"href":"https:\/\/www.europesays.com\/fr\/wp-json\/wp\/v2\/posts"}],"about":[{"href":"https:\/\/www.europesays.com\/fr\/wp-json\/wp\/v2\/types\/post"}],"author":[{"embeddable":true,"href":"https:\/\/www.europesays.com\/fr\/wp-json\/wp\/v2\/users\/2"}],"replies":[{"embeddable":true,"href":"https:\/\/www.europesays.com\/fr\/wp-json\/wp\/v2\/comments?post=113135"}],"version-history":[{"count":0,"href":"https:\/\/www.europesays.com\/fr\/wp-json\/wp\/v2\/posts\/113135\/revisions"}],"wp:featuredmedia":[{"embeddable":true,"href":"https:\/\/www.europesays.com\/fr\/wp-json\/wp\/v2\/media\/112521"}],"wp:attachment":[{"href":"https:\/\/www.europesays.com\/fr\/wp-json\/wp\/v2\/media?parent=113135"}],"wp:term":[{"taxonomy":"category","embeddable":true,"href":"https:\/\/www.europesays.com\/fr\/wp-json\/wp\/v2\/categories?post=113135"},{"taxonomy":"post_tag","embeddable":true,"href":"https:\/\/www.europesays.com\/fr\/wp-json\/wp\/v2\/tags?post=113135"}],"curies":[{"name":"wp","href":"https:\/\/api.w.org\/{rel}","templated":true}]}}