{"id":113138,"date":"2025-05-20T01:25:11","date_gmt":"2025-05-20T01:25:11","guid":{"rendered":"https:\/\/www.europesays.com\/fr\/113138\/"},"modified":"2025-05-20T01:25:11","modified_gmt":"2025-05-20T01:25:11","slug":"le-choregraphe-historique-du-theatre-bolchoi-iouri-grigorovitch-est-mort-a-98-ans","status":"publish","type":"post","link":"https:\/\/www.europesays.com\/fr\/113138\/","title":{"rendered":"le chor\u00e9graphe historique du Th\u00e9\u00e2tre Bolcho\u00ef, Iouri Grigorovitch, est mort \u00e0 98 ans"},"content":{"rendered":"<p>Iouri Grigorovitch, le chor\u00e9graphe historique du Bolcho\u00ef \u00e0 Moscou, est mort lundi \u00e0 l&rsquo;\u00e2ge de 98 ans, a annonc\u00e9 le th\u00e9\u00e2tre de la capitale russe.<\/p>\n<p>\u00ab\u00a0Iouri Grigorovitch, l&rsquo;une des figures principales du monde du ballet de la deuxi\u00e8me moiti\u00e9 du XXe si\u00e8cle, est d\u00e9c\u00e9d\u00e9\u00a0\u00bb, a indiqu\u00e9 le Th\u00e9\u00e2tre Bolcho\u00ef dans un communiqu\u00e9 sur Telegram.<\/p>\n<p>Celui qui a dirig\u00e9 les ballets du Th\u00e9\u00e2tre\u00a0Bolcho\u00ef de 1964 \u00e0 1995, sous l&rsquo;URSS et juste apr\u00e8s son \u00e9clatement, \u00ab\u00a0a \u00e9lev\u00e9 plusieurs g\u00e9n\u00e9rations d&rsquo;artistes remarquables\u00a0\u00bb, a-t-il soulign\u00e9.<\/p>\n<p>\u00ab\u00a0La direction et le personnel du th\u00e9\u00e2tre Bolcho\u00ef expriment leurs condol\u00e9ances les plus sinc\u00e8res aux proches de Iouri Nikola\u00efevitch et vont ch\u00e9rir sans cesse sa m\u00e9moire et pr\u00e9server son h\u00e9ritage inestimable\u00a0\u00bb, assure le communiqu\u00e9.<\/p>\n<p>Le pr\u00e9sident Vladimir Poutine a salu\u00e9 \u00ab\u00a0un chor\u00e9graphe exceptionnel, un grand d\u00e9vou\u00e9 et un cr\u00e9ateur qui incarnait toute une \u00e9poque\u00a0\u00bb, dans un communiqu\u00e9 publi\u00e9 par le Kremlin.<\/p>\n<p>\u00ab\u00a0Avec le d\u00e9c\u00e8s de ce chor\u00e9graphe l\u00e9gendaire, c&rsquo;est toute une \u00e9poque qui s&rsquo;en va\u00a0\u00bb, a d\u00e9plor\u00e9 pour sa part le th\u00e9\u00e2tre Mariinski de Saint-P\u00e9tersbourg (nord-ouest), c\u00e9l\u00e9brant son \u00ab\u00a0h\u00e9ritage\u00a0\u00bb artistique.<\/p>\n<p>Le professeur de ballet Boris Akimov, 78 ans, s&rsquo;est dit \u00ab\u00a0tr\u00e8s fier d&rsquo;avoir \u00e9t\u00e9 un \u00e9l\u00e8ve de Iouri Grigorovitch\u00a0\u00bb.<\/p>\n<p>\u00ab\u00a0Il a surtout donn\u00e9 une place importante aux performances masculines dans la danse et introduit des parties pour les hommes dans le ballet domin\u00e9 par les femmes\u00a0\u00bb, a indiqu\u00e9 \u00e0 l&rsquo;AFP cet ancien danseur-\u00e9toile du th\u00e9\u00e2tre Bolcho\u00ef.<\/p>\n<p>\u00ab\u00a0Certains l&rsquo;ont critiqu\u00e9 pour son autoritarisme, mais pour diriger un collectif il faut savoir \u00eatre dur\u00a0\u00bb, a-t-il aussi relev\u00e9.<\/p>\n<p>N\u00e9 en 1927 \u00e0 Leningrad, l&rsquo;actuelle Saint-P\u00e9tersbourg, Iouri Grigorovitch est le neveu de Georges Rosay, grand danseur du th\u00e9\u00e2tre Mariinski dans l&rsquo;ancienne capitale imp\u00e9riale russe et des Saisons russes de Serge Diaghilev.<\/p>\n<p>Il obtient un dipl\u00f4me de l&rsquo;\u00c9cole chor\u00e9graphique de Leningrad et devient soliste au th\u00e9\u00e2tre Kirov (nom du th\u00e9\u00e2tre Mariinski \u00e0 l&rsquo;\u00e9poque sovi\u00e9tique) dans cette ville \u00e0 la fin des ann\u00e9es 1940.<\/p>\n<p>Il devient ensuite une c\u00e9l\u00e9brit\u00e9 en 1957, apr\u00e8s sa mise en sc\u00e8ne novatrice du ballet\u00a0\u00ab\u00a0La Fleur de pierre\u00a0\u00bb, bas\u00e9e sur une s\u00e9rie de contes populaires dans l&rsquo;Oural.<\/p>\n<p>Directeur ensuite des\u00a0ballets au Bolcho\u00ef\u00a0pendant trois d\u00e9cennies, Iouri Grigorovicth a fait conna\u00eetre au grand public des danseurs comme Natalia Bessmertnova, qui deviendra sa femme, ou le fameux couple form\u00e9 par Ekaterina Maximova\u00a0et\u00a0Vladimir Vassiliev.<\/p>\n<p>Apr\u00e8s sa d\u00e9mission du Th\u00e9\u00e2tre Bolcho\u00ef en 1995, Grigorovich cr\u00e9e sa propre compagnie \u00e0\u00a0Krasnodar (sud). Il revient toutefois au c\u00e9l\u00e8bre th\u00e9\u00e2tre moscovite, y devenant en 2008 l&rsquo;un des chor\u00e9graphes principaux de la compagnie de ballet.<\/p>\n<p>Au fil de sa carri\u00e8re, il a mis en sc\u00e8ne plusieurs classiques du ballet russe, comme \u00ab\u00a0Casse-Noisette\u00a0\u00bb de Tcha\u00efkovski, \u00ab\u00a0Spartacus\u00a0\u00bb de Khatchatourian, \u00ab\u00a0Ivan le Terrible\u00a0\u00bb sur la musique de Prokofiev, ou encore \u00ab\u00a0L&rsquo;\u00c2ge d&rsquo;or\u00a0\u00bb compos\u00e9 par Chostakovitch.<\/p>\n<p>bur\/mm<\/p>\n","protected":false},"excerpt":{"rendered":"Iouri Grigorovitch, le chor\u00e9graphe historique du Bolcho\u00ef \u00e0 Moscou, est mort lundi \u00e0 l&rsquo;\u00e2ge de 98 ans, a&hellip;\n","protected":false},"author":2,"featured_media":113139,"comment_status":"","ping_status":"","sticky":false,"template":"","format":"standard","meta":{"footnotes":""},"categories":[1591],"tags":[11,23279,1887,23278,23281,12,1885,1886,132,1347,23280],"class_list":{"0":"post-113138","1":"post","2":"type-post","3":"status-publish","4":"format-standard","5":"has-post-thumbnail","7":"category-russie","8":"tag-actualites","9":"tag-bolchoi","10":"tag-federation-de-russie","11":"tag-iouri-grigorovitch","12":"tag-ivan-le-terrible","13":"tag-news","14":"tag-russia","15":"tag-russian-federation","16":"tag-russie","17":"tag-theatre","18":"tag-theatre-bolchoi"},"share_on_mastodon":{"url":"https:\/\/pubeurope.com\/@fr\/114537557090956917","error":""},"_links":{"self":[{"href":"https:\/\/www.europesays.com\/fr\/wp-json\/wp\/v2\/posts\/113138","targetHints":{"allow":["GET"]}}],"collection":[{"href":"https:\/\/www.europesays.com\/fr\/wp-json\/wp\/v2\/posts"}],"about":[{"href":"https:\/\/www.europesays.com\/fr\/wp-json\/wp\/v2\/types\/post"}],"author":[{"embeddable":true,"href":"https:\/\/www.europesays.com\/fr\/wp-json\/wp\/v2\/users\/2"}],"replies":[{"embeddable":true,"href":"https:\/\/www.europesays.com\/fr\/wp-json\/wp\/v2\/comments?post=113138"}],"version-history":[{"count":0,"href":"https:\/\/www.europesays.com\/fr\/wp-json\/wp\/v2\/posts\/113138\/revisions"}],"wp:featuredmedia":[{"embeddable":true,"href":"https:\/\/www.europesays.com\/fr\/wp-json\/wp\/v2\/media\/113139"}],"wp:attachment":[{"href":"https:\/\/www.europesays.com\/fr\/wp-json\/wp\/v2\/media?parent=113138"}],"wp:term":[{"taxonomy":"category","embeddable":true,"href":"https:\/\/www.europesays.com\/fr\/wp-json\/wp\/v2\/categories?post=113138"},{"taxonomy":"post_tag","embeddable":true,"href":"https:\/\/www.europesays.com\/fr\/wp-json\/wp\/v2\/tags?post=113138"}],"curies":[{"name":"wp","href":"https:\/\/api.w.org\/{rel}","templated":true}]}}