{"id":113140,"date":"2025-05-20T01:26:13","date_gmt":"2025-05-20T01:26:13","guid":{"rendered":"https:\/\/www.europesays.com\/fr\/113140\/"},"modified":"2025-05-20T01:26:13","modified_gmt":"2025-05-20T01:26:13","slug":"guerre-en-ukraine-la-france-souhaite-limiter-les-exportations-de-ble-ukrainien-vers-lue-19-05-2025-a-1435","status":"publish","type":"post","link":"https:\/\/www.europesays.com\/fr\/113140\/","title":{"rendered":"Guerre en Ukraine : la France souhaite limiter les exportations de bl\u00e9 ukrainien vers l&rsquo;UE &#8211; 19\/05\/2025 \u00e0 14:35"},"content":{"rendered":"<p> \u00ab\u00a0L&rsquo;aide \u00e0 l&rsquo;Ukraine ne peut pas se faire au prix de la d\u00e9stabilisation profonde de nos propres \u00e9conomies\u00a0\u00bb, a estim\u00e9 la ministre fran\u00e7aise de l&rsquo;Agriculture.<\/p>\n<p>        <img fetchpriority=\"high\" decoding=\"async\" src=\"https:\/\/www.europesays.com\/fr\/wp-content\/uploads\/2025\/05\/4e718de7764f96f6d4a571ae5fe95ac1-760x507.jpg\" alt=\"Annie Genevard \u00e0 Paris, le 7 mai 2025. ( AFP \/ BERTRAND GUAY )\" loading=\"eager\" width=\"760\" height=\"507\" style=\"max-width: 100%!important; height: auto;\"\/><\/p>\n<p class=\"c-image-news__legend\">Annie Genevard \u00e0 Paris, le 7 mai 2025. ( AFP \/ BERTRAND GUAY )<\/p>\n<p>\n Le gouvernement fran\u00e7ais souhaite que le bl\u00e9 soit ajout\u00e9 \u00e0 la liste des produits concern\u00e9s par les \u00ab\u00a0freins d&rsquo;urgence\u00a0\u00bb d\u00e9j\u00e0 mis en place sur les exportations de certains produits agricoles ukrainiens vers l&rsquo;Europe, a indiqu\u00e9 lundi 19 mai la ministre de l&rsquo;Agriculture Annie Genevard.\n<\/p>\n<p>\n L&rsquo;Union europ\u00e9enne a instaur\u00e9 depuis 2022<br \/>\n <strong><br \/>\n  une exemption de droits de douane sur des produits agricoles ukrainiens pour soutenir Kiev face \u00e0 l&rsquo;invasion russe<br \/>\n <\/strong><br \/>\n , \u00e0 laquelle s&rsquo;opposent les agriculteurs europ\u00e9ens, d\u00e9non\u00e7ant une concurrence jug\u00e9e \u00ab\u00a0d\u00e9loyale\u00a0\u00bb et une pression \u00e0 la baisse sur les prix. En 2024, Bruxelles avait reconduit le dispositif &#8211; qui expire en juin &#8211; en ajoutant des restrictions comme un plafond maximum pour certains produits (volailles, \u0153ufs, sucre), mais pas pour le bl\u00e9 tendre ou l&rsquo;orge par exemple, en d\u00e9pit des protestations des c\u00e9r\u00e9aliers europ\u00e9ens et de la pression de certains Etats membres comme<br \/>\n <strong><br \/>\n  la France, la Pologne et la Hongrie.<br \/>\n <\/strong>\n<\/p>\n<p>\n Au sujet de ces accords commerciaux avec l&rsquo;Ukraine, \u00ab\u00a0on les a durcis de facto parce qu&rsquo;en 2024, on s&rsquo;est aper\u00e7u que la lev\u00e9e des droits de douane avec l&rsquo;Ukraine pour soutenir l&rsquo;effort de guerre ukrainien allait d\u00e9stabiliser,<br \/>\n <strong><br \/>\n  d\u00e9stabilisait de fait profond\u00e9ment nos fili\u00e8res, notamment la volaille, notamment l&rsquo;\u0153uf, notamment le miel, le ma\u00efs<br \/>\n <\/strong><br \/>\n \u00ab\u00a0, a soulign\u00e9 la ministre sur<\/p>\n<p>  franceinfo<\/p>\n<p> .\n<\/p>\n<p> Soutien \u00e0 \u00ab\u00a0l&rsquo;effort de guerre\u00a0\u00bb ukrainien<\/p>\n<p>\n \u00ab\u00a0Donc on a mis ce qu&rsquo;on appelle des freins d&rsquo;urgence pour diminuer les importations ukrainiennes parce qu&rsquo;on allait beaucoup souffrir\u00a0\u00bb, a-t-elle rappel\u00e9. \u00c0 la question du journaliste \u00ab\u00a0est-ce suffisant?\u00a0\u00bb, la ministre a r\u00e9pondu qu&rsquo;il fallait \u00ab\u00a0continuer effectivement \u00e0 contr\u00f4ler les importations ukrainiennes. \u00ab\u00a0Il faut m\u00eame \u00e9largir\u00a0\u00bb ces freins d&rsquo;urgence \u00ab\u00a0l\u00e0 o\u00f9\u00a0\u00bb ils \u00ab\u00a0ne sont pas, notamment au bl\u00e9\u00a0\u00bb, a jug\u00e9 la ministre.\n<\/p>\n<p>\n \u00ab\u00a0Aujourd&rsquo;hui, les accords avec l&rsquo;Ukraine n&rsquo;incluent pas le bl\u00e9\u00a0\u00bb, a-t-elle aussi indiqu\u00e9 plus tard \u00e0 l&rsquo;<\/p>\n<p>  AFP<\/p>\n<p> , se disant<br \/>\n <strong><br \/>\n  favorable au fait d'\u00a0\u00bbinclure le bl\u00e9 dans les freins d&rsquo;urgence\u00a0\u00bb<br \/>\n <\/strong><br \/>\n .\n<\/p>\n<p>\n \u00ab\u00a0On ne peut pas laisser librement entrer les denr\u00e9es ukrainiennes parce qu&rsquo;elles sont trop d\u00e9stabilisantes. Et l\u00e0 encore, c&rsquo;est comme pour les accords de libre \u00e9change. Le cas ukrainien est \u00e9videmment particulier parce qu&rsquo;on soutient l&rsquo;Ukraine dans son effort de guerre\u00a0\u00bb, a r\u00e9sum\u00e9 Mme Genevard.\n<\/p>\n<p>\n <strong><br \/>\n  \u00ab\u00a0L&rsquo;aide \u00e0 l&rsquo;Ukraine ne peut pas se faire au prix de la d\u00e9stabilisation profonde de nos propres \u00e9conomies.<br \/>\n <\/strong><br \/>\n Il faut raison garder dans cette affaire, il y a un \u00e9quilibre \u00e0 trouver dans le soutien, un soutien raisonnable, c&rsquo;est un soutien qui est \u00e0 la fois utile aux Ukrainiens mais qui ne d\u00e9stabilise pas nos propres productions\u00a0\u00bb, a ajout\u00e9 la ministre de l&rsquo;Agriculture.<\/p>\n","protected":false},"excerpt":{"rendered":"\u00ab\u00a0L&rsquo;aide \u00e0 l&rsquo;Ukraine ne peut pas se faire au prix de la d\u00e9stabilisation profonde de nos propres \u00e9conomies\u00a0\u00bb,&hellip;\n","protected":false},"author":2,"featured_media":113141,"comment_status":"","ping_status":"","sticky":false,"template":"","format":"standard","meta":{"footnotes":""},"categories":[1590],"tags":[400,11,398,408,405,1777,674,403,402,399,404,12,401,406,220,407],"class_list":{"0":"post-113140","1":"post","2":"type-post","3":"status-publish","4":"format-standard","5":"has-post-thumbnail","7":"category-ukraine","8":"tag-action-cac-40","9":"tag-actualites","10":"tag-bourse-de-paris","11":"tag-boursorama","12":"tag-cotations","13":"tag-eu","14":"tag-europe","15":"tag-indices-devises","16":"tag-investir","17":"tag-investissement","18":"tag-marche-boursier","19":"tag-news","20":"tag-sicav","21":"tag-trackers","22":"tag-ukraine","23":"tag-warrants"},"share_on_mastodon":{"url":"https:\/\/pubeurope.com\/@fr\/114537561049362418","error":""},"_links":{"self":[{"href":"https:\/\/www.europesays.com\/fr\/wp-json\/wp\/v2\/posts\/113140","targetHints":{"allow":["GET"]}}],"collection":[{"href":"https:\/\/www.europesays.com\/fr\/wp-json\/wp\/v2\/posts"}],"about":[{"href":"https:\/\/www.europesays.com\/fr\/wp-json\/wp\/v2\/types\/post"}],"author":[{"embeddable":true,"href":"https:\/\/www.europesays.com\/fr\/wp-json\/wp\/v2\/users\/2"}],"replies":[{"embeddable":true,"href":"https:\/\/www.europesays.com\/fr\/wp-json\/wp\/v2\/comments?post=113140"}],"version-history":[{"count":0,"href":"https:\/\/www.europesays.com\/fr\/wp-json\/wp\/v2\/posts\/113140\/revisions"}],"wp:featuredmedia":[{"embeddable":true,"href":"https:\/\/www.europesays.com\/fr\/wp-json\/wp\/v2\/media\/113141"}],"wp:attachment":[{"href":"https:\/\/www.europesays.com\/fr\/wp-json\/wp\/v2\/media?parent=113140"}],"wp:term":[{"taxonomy":"category","embeddable":true,"href":"https:\/\/www.europesays.com\/fr\/wp-json\/wp\/v2\/categories?post=113140"},{"taxonomy":"post_tag","embeddable":true,"href":"https:\/\/www.europesays.com\/fr\/wp-json\/wp\/v2\/tags?post=113140"}],"curies":[{"name":"wp","href":"https:\/\/api.w.org\/{rel}","templated":true}]}}