{"id":113144,"date":"2025-05-20T01:28:09","date_gmt":"2025-05-20T01:28:09","guid":{"rendered":"https:\/\/www.europesays.com\/fr\/113144\/"},"modified":"2025-05-20T01:28:09","modified_gmt":"2025-05-20T01:28:09","slug":"laccord-londres-bruxelles-est-il-une-reinitialisation-ou-une-humiliation-courrier-international","status":"publish","type":"post","link":"https:\/\/www.europesays.com\/fr\/113144\/","title":{"rendered":"L&#039;accord Londres-Bruxelles est-il une \u201cr\u00e9initialisation\u201d ou une \u201chumiliation\u201d ? &#8211; Courrier international"},"content":{"rendered":"<ol>\n<li><a href=\"https:\/\/news.google.com\/rss\/articles\/CBMi3AFBVV95cUxOcEo2cG1oenJuUF83UWQxR29WM2VwMWxLWWt2RFVTWTMzOGNnNFFYSkI1STVrNkFuSkRwNkF5S000VXF4Vm1Va3NYVkhLdjNKbmJRZWltQmlfaEJ1YmJ6aW9aSGpHTXlJZTkwQVpuVEZMelhvQ1J3dnZ0anNIcnJlb2dfZE5hRko0WEx4X19PTHVZaVB2NVFlajhqanJHMFZnVlZFRC04Q1d2Zy1Cdm1uSjJWMnZGNkVocm1xQW1ITEtlSUI1YXRqTkZ3azNiODNuVEtnS3kxV0pLM3Ay?oc=5\" target=\"_blank\" rel=\"nofollow noopener\">L&rsquo;accord Londres-Bruxelles est-il une \u201cr\u00e9initialisation\u201d ou une \u201chumiliation\u201d ?<\/a>&nbsp;&nbsp;Courrier international<\/li>\n<li><a href=\"https:\/\/news.google.com\/rss\/articles\/CBMihwJBVV95cUxPaEItMjl3UXhJT1p2T0NpbU84SThFU1dDdlZVM1VyS2VQVENZWHZPcHZGMmJFVGJTTnhnZ0s4TG1zVzRuWFg3MzN5bnFqcFpsQnBSOHplN0xtY3pxRkFsTEZMVnhEQXBMQXdWdXMzMEJsZ05JZ254bE9sc01lUE5jQzFsQlJHaDhQS0xpR3VBdzQ5LW14RU9iNVU1a1J4Yk5TRm9ralRpODhsRndiLUhFTnFrdG1fSzdFc0dhZHJqblNpWlhxS1NWbS1SMzktaGI5dVpoT3JMc1c2ZVQxSmVVMUFIckdlYkJwQlR4TklGM3FydHRzSVNsdGs0MktSaHpxbzE5MndVOA?oc=5\" target=\"_blank\" rel=\"nofollow noopener\">Cinq ans apr\u00e8s le Brexit, le Royaume-Uni et l\u2019UE concluent un \u00ab nouveau partenariat strat\u00e9gique \u00bb sur la s\u00e9curit\u00e9, la d\u00e9fense et les \u00e9changes commerciaux<\/a>&nbsp;&nbsp;Le Monde.fr<\/li>\n<li><a href=\"https:\/\/news.google.com\/rss\/articles\/CBMi7gFBVV95cUxPblUyVWJLN1lhWnZLVHY2a29vYlZkNjF5N1RqTU84VmJ4bHVIMWVSMjFRU0xwUEg5TGVMLTJJdElVYTQxYjNSNkFqc1YzbDl2Sk5hRi1RX1hYNnI3cklBeHd3MWFYdXg5MjVpQ0E4cmZUTXoyTFUwdERKa0FxM1J5blF6dUx4eXdROHdVSFBMRmlEczVQUk03UzNwLXI0X3c0bkVhdE5vY3puSXNkWVVRN2hmb1JySERNUHhmSXJKZmE5cE5sZ29hOGo1eGxjUHJUNERTX2lPZW5yYjRRNVNOZWhqd2FMX2MwQ0ExX1dR?oc=5\" target=\"_blank\" rel=\"nofollow noopener\">P\u00eache, nourriture, v\u00e9g\u00e9taux&#8230; Londres et Bruxelles concluent plusieurs accords pour relancer leur relation commerciale<\/a>&nbsp;&nbsp;Le Figaro<\/li>\n<li><a href=\"https:\/\/news.google.com\/rss\/articles\/CBMizgFBVV95cUxOZGI2VTRVSzRHZFd4c2FrVE5CMHJIc0x0YVpWTVlPeDVVTGxMY1pjRGExYWw0SXkxN0J1Z1VFck84UEItUjNzVmFpMVVIXzFrX0dLTlRlcldtLUlqWkNrU0p1UVVyWGpKOGFyN1J4QmFMOVYwOWttRG13WXl5Z09tcnVVSDgzMXl0UWlLaXJkQ0thcEJWMGotZFNudTAtdmY4QkZ2US1fMTZvYXFtT2hHWVZsUUlWOEhtMjljR2t6aF95R1ByUmZyM09wWXBEUQ?oc=5\" target=\"_blank\" rel=\"nofollow noopener\">L&rsquo;UE et le Royaume-Uni trouvent un accord pour ouvrir un nouveau chapitre apr\u00e8s le Brexit<\/a>&nbsp;&nbsp;Les Echos<\/li>\n<li><a href=\"https:\/\/news.google.com\/rss\/articles\/CBMiuAFBVV95cUxPeHFqOE1lZTNEZENzVUk5LWtCOFhXOGo1Tnh1cWJ5NG4zekh2OWU0SmJKVTVuMFZNV1pQd1c4QkMxZmhCWk9jbkg3X3hiYmZDbVpwQVBnUEM4Y2tFNHdFbWd0M2FQWGFoZkE4NTVmeGYtWkJJbkwweE11T2c2LS1pV090NFBGX3hhS1VEV3ozSjI1VTJMcnBTdHdnMjgwNlE4Y2g3QzFrTmpPSmRMU0hYbG5BV25nRXdj?oc=5\" target=\"_blank\" rel=\"nofollow noopener\">\u00ab Larbin de Bruxelles \u00bb : Boris Johnson s\u2019en prend violemment \u00e0 Starmer<\/a>&nbsp;&nbsp;parismatch.com<\/li>\n<\/ol>\n","protected":false},"excerpt":{"rendered":"L&rsquo;accord Londres-Bruxelles est-il une \u201cr\u00e9initialisation\u201d ou une \u201chumiliation\u201d ?&nbsp;&nbsp;Courrier international Cinq ans apr\u00e8s le Brexit, le Royaume-Uni et&hellip;\n","protected":false},"author":2,"featured_media":113145,"comment_status":"","ping_status":"","sticky":false,"template":"","format":"standard","meta":{"footnotes":""},"categories":[1588],"tags":[11,1353,1777,674,12,316,473,1853,1851,2475,1850,1852],"class_list":{"0":"post-113144","1":"post","2":"type-post","3":"status-publish","4":"format-standard","5":"has-post-thumbnail","7":"category-royaume-uni","8":"tag-actualites","9":"tag-brexit","10":"tag-eu","11":"tag-europe","12":"tag-news","13":"tag-politique","14":"tag-royaume-uni","15":"tag-royaume-uni-de-grande-bretagne-et-dirlande-du-nord","16":"tag-uk","17":"tag-union-europu00e9enne","18":"tag-united-kingdom","19":"tag-united-kingdom-of-great-britain-and-northern-ireland"},"share_on_mastodon":{"url":"https:\/\/pubeurope.com\/@fr\/114537569346572347","error":""},"_links":{"self":[{"href":"https:\/\/www.europesays.com\/fr\/wp-json\/wp\/v2\/posts\/113144","targetHints":{"allow":["GET"]}}],"collection":[{"href":"https:\/\/www.europesays.com\/fr\/wp-json\/wp\/v2\/posts"}],"about":[{"href":"https:\/\/www.europesays.com\/fr\/wp-json\/wp\/v2\/types\/post"}],"author":[{"embeddable":true,"href":"https:\/\/www.europesays.com\/fr\/wp-json\/wp\/v2\/users\/2"}],"replies":[{"embeddable":true,"href":"https:\/\/www.europesays.com\/fr\/wp-json\/wp\/v2\/comments?post=113144"}],"version-history":[{"count":0,"href":"https:\/\/www.europesays.com\/fr\/wp-json\/wp\/v2\/posts\/113144\/revisions"}],"wp:featuredmedia":[{"embeddable":true,"href":"https:\/\/www.europesays.com\/fr\/wp-json\/wp\/v2\/media\/113145"}],"wp:attachment":[{"href":"https:\/\/www.europesays.com\/fr\/wp-json\/wp\/v2\/media?parent=113144"}],"wp:term":[{"taxonomy":"category","embeddable":true,"href":"https:\/\/www.europesays.com\/fr\/wp-json\/wp\/v2\/categories?post=113144"},{"taxonomy":"post_tag","embeddable":true,"href":"https:\/\/www.europesays.com\/fr\/wp-json\/wp\/v2\/tags?post=113144"}],"curies":[{"name":"wp","href":"https:\/\/api.w.org\/{rel}","templated":true}]}}