{"id":1131553,"date":"2026-08-17T02:46:19","date_gmt":"2026-08-17T02:46:19","guid":{"rendered":"https:\/\/www.europesays.com\/fr\/1131553\/"},"modified":"2026-08-17T02:46:19","modified_gmt":"2026-08-17T02:46:19","slug":"retraite-pour-ne-pas-etre-pauvres-les-francais-qui-sont-nes-avant-1964-doivent-toucher-cette-pension-minimum-chaque-mois-en-2026","status":"publish","type":"post","link":"https:\/\/www.europesays.com\/fr\/1131553\/","title":{"rendered":"Retraite : pour ne pas \u00eatre \u00ab\u00a0pauvres\u00a0\u00bb, les Fran\u00e7ais qui sont n\u00e9s avant 1964 doivent toucher cette pension minimum chaque mois en 2026"},"content":{"rendered":"<p>Diriez-vous que vous avez du mal \u00e0 finir vos fins de mois ? Ou<br \/>\nvotre <a href=\"https:\/\/www.mariefrance.fr\/actualite\/societe\/retraite-ne-avant-1971-voici-comment-nouveau-decret-modifier-date-depart-1276048.html\" rel=\"nofollow noopener\" target=\"_blank\"><br \/>\n<strong>pension de retraite<\/strong><\/a> vous permet-t-elle tout<br \/>\njuste de vous octroyer quelques petits plaisirs ? Selon votre<br \/>\nsituation et la fa\u00e7on dont vous appr\u00e9hendez votre quotidien, vous<br \/>\npourriez bien vous situer dans la <a href=\"https:\/\/www.mariefrance.fr\/vie-pratique\/retraite-2026-voici-la-pension-exacte-qui-attend-la-classe-moyenne-avec-un-salaire-de-2000-euros-1276327.html\" rel=\"nofollow noopener\" target=\"_blank\"><br \/>\n<strong>classe moyenne<\/strong><\/a>. D\u2019autant plus que, depuis le<br \/>\nd\u00e9but de l\u2019ann\u00e9e, <a href=\"https:\/\/www.mariefrance.fr\/actualite\/societe\/retraite-pension-pouvoir-dachat-francais-nes-avant-1964-2027-conseil-dorientation-des-retraites-1279185.html\" rel=\"nofollow noopener\" target=\"_blank\"><br \/>\nla hausse de l\u2019inflation<\/a> a durement impact\u00e9 le pouvoir d\u2019achat<br \/>\ndes Fran\u00e7ais.<\/p>\n<p>S\u2019il est assez facile de se situer dans les cat\u00e9gories parmi les<br \/>\nplus ais\u00e9es ou parmi les plus en difficult\u00e9s financi\u00e8rement, la<br \/>\nsituation est plus d\u00e9licate pour les seniors de la classe moyenne.<br \/>\nIls ne peuvent pas toujours compter sur les aides et doivent<br \/>\nparfois compter sur leurs propres ressources, constitu\u00e9es au cours<br \/>\nde leur carri\u00e8re. Comment savoir dans quelle tranche de population<br \/>\nse situer exactement ? On vous explique gr\u00e2ce \u00e0 ce nouveau rapport<br \/>\npubli\u00e9 par la <strong><a href=\"https:\/\/drees.solidarites-sante.gouv.fr\/communique-de-presse-jeux-de-donnees\/jeux-de-donnees\/effectifs-de-retraites-et-montants-des\" rel=\"nofollow noopener\" target=\"_blank\"><br \/>\nDirection de la recherche, des \u00e9tudes, de l&rsquo;\u00e9valuation et des<br \/>\nstatistiques<\/a> (DREES)<\/strong>.<\/p>\n<p>Voici la pension de retraite qui vous classe dans la cat\u00e9gorie<br \/>\n\u201cclasse moyenne\u201d<\/p>\n<p>D\u2019apr\u00e8s les donn\u00e9es de la DREES, pr\u00e8s de 18,2 millions de<br \/>\npersonnes percevaient une pension au 31 d\u00e9cembre 2024. Une<br \/>\n<strong>pension de retraite<\/strong> qui s\u2019\u00e9levait, en moyenne, \u00e0<br \/>\n<strong>1 705 euros bruts<\/strong> par mois. Un montant qui ne<br \/>\ntient pas compte, cependant, de certains compl\u00e9ments de revenus,<br \/>\ncomme les pensions de r\u00e9version, les majorations, mais aussi de la<br \/>\ncomposition du foyer (montant pour une personne seule).<\/p>\n<p>De leur c\u00f4t\u00e9, les retrait\u00e9s d\u00e9finis comme faisant partie de la<br \/>\nclasse moyenne (selon l\u2019Observatoire des in\u00e9galit\u00e9s, dont le<br \/>\nrapport est bas\u00e9 sur les donn\u00e9es 2023 de l\u2019Insee) per\u00e7oivent entre<br \/>\n\u00ab 1 683 et <strong>3 119 euros mensuels apr\u00e8s imp\u00f4ts<\/strong> et<br \/>\nprestations sociales \u00bb, dans le cas d\u2019une personne seule. Pour un<br \/>\ncouple \u00e0 la retraite mais sans enfants, la classe moyenne se situe<br \/>\nentre \u00ab 2 525 et 4 679 euros \u00bb.<\/p>\n<p><img loading=\"lazy\" decoding=\"async\" aria-describedby=\"caption-attachment-1184577\" itemprop=\"thumbnailUrl\" class=\"size-full wp-image-1184577 img-responsive\" src=\"https:\/\/www.europesays.com\/fr\/wp-content\/uploads\/2026\/08\/salaire.jpg\" alt=\"Salaire\" width=\"1280\" height=\"720\"\/> \u00a9<br \/>\nShutterstock<\/p>\n<p id=\"caption-attachment-1184577\" class=\"wp-caption-text\">Voici le<br \/>\nsalaire \u00e0 toucher pour faire partie de la classe moyenne<\/p>\n<p>Une pension qui peut grandement varier<br \/>\nselon les situations<\/p>\n<p>Dans son rapport, la Drees divise les Fran\u00e7ais en trois grands<br \/>\ngroupes selon le niveau de revenus. D\u2019un c\u00f4t\u00e9, on trouve les<br \/>\nclasses populaires, qui regroupent les 30 % de personnes aux<br \/>\nrevenus les plus faibles. De l\u2019autre, les classes ais\u00e9es, soit les<br \/>\n20 % les plus riches. Entre les deux se situe la classe moyenne,<br \/>\nqui repr\u00e9sente environ la <strong>moiti\u00e9 de la population (50<br \/>\n%)<\/strong>.<\/p>\n<p>Les montants des pensions de retraite <strong>varient<br \/>\nfortement<\/strong> selon la situation et la carri\u00e8re des individus<br \/>\navant leur d\u00e9part \u00e0 la retraite. En tenant compte des<br \/>\nrevalorisations intervenues entre 2024 et 2026, un ancien salari\u00e9<br \/>\ndu secteur priv\u00e9 per\u00e7oit par exemple en moyenne environ 1 370 euros<br \/>\nbruts par mois. Les professions lib\u00e9rales touchent en moyenne 1 450<br \/>\neuros, les r\u00e9gimes sp\u00e9ciaux 1 940 euros, et les fonctionnaires de<br \/>\nl\u2019\u00c9tat environ 2 400 euros.<\/p>\n<p><img loading=\"lazy\" decoding=\"async\" aria-describedby=\"caption-attachment-1253702\" class=\"size-full wp-image-1253702 img-responsive\" src=\"https:\/\/www.europesays.com\/fr\/wp-content\/uploads\/2026\/08\/ed-app-smartpone-2026-03-15t025413.903.jpg\" alt=\"Assurance retraite\" width=\"1280\" height=\"720\"\/><br \/>\n\u00a9<br \/>\nShutterstock<\/p>\n<p id=\"caption-attachment-1253702\" class=\"wp-caption-text\">Il est<br \/>\nimportant de faire des simulations pour bien pr\u00e9parer sa<br \/>\nretraite.<\/p>\n","protected":false},"excerpt":{"rendered":"Diriez-vous que vous avez du mal \u00e0 finir vos fins de mois ? Ou votre pension de retraite&hellip;\n","protected":false},"author":2,"featured_media":1131554,"comment_status":"","ping_status":"","sticky":false,"template":"","format":"standard","meta":{"footnotes":"","_share_on_mastodon":"0"},"categories":[6],"tags":[35,21303,33,34,1011,27,6055],"class_list":["post-1131553","post","type-post","status-publish","format-standard","has-post-thumbnail","category-economie","tag-business","tag-buzz_nonli","tag-economie","tag-economy","tag-fr","tag-france","tag-republishing"],"share_on_mastodon":{"url":"","error":""},"_links":{"self":[{"href":"https:\/\/www.europesays.com\/fr\/wp-json\/wp\/v2\/posts\/1131553","targetHints":{"allow":["GET"]}}],"collection":[{"href":"https:\/\/www.europesays.com\/fr\/wp-json\/wp\/v2\/posts"}],"about":[{"href":"https:\/\/www.europesays.com\/fr\/wp-json\/wp\/v2\/types\/post"}],"author":[{"embeddable":true,"href":"https:\/\/www.europesays.com\/fr\/wp-json\/wp\/v2\/users\/2"}],"replies":[{"embeddable":true,"href":"https:\/\/www.europesays.com\/fr\/wp-json\/wp\/v2\/comments?post=1131553"}],"version-history":[{"count":0,"href":"https:\/\/www.europesays.com\/fr\/wp-json\/wp\/v2\/posts\/1131553\/revisions"}],"wp:featuredmedia":[{"embeddable":true,"href":"https:\/\/www.europesays.com\/fr\/wp-json\/wp\/v2\/media\/1131554"}],"wp:attachment":[{"href":"https:\/\/www.europesays.com\/fr\/wp-json\/wp\/v2\/media?parent=1131553"}],"wp:term":[{"taxonomy":"category","embeddable":true,"href":"https:\/\/www.europesays.com\/fr\/wp-json\/wp\/v2\/categories?post=1131553"},{"taxonomy":"post_tag","embeddable":true,"href":"https:\/\/www.europesays.com\/fr\/wp-json\/wp\/v2\/tags?post=1131553"}],"curies":[{"name":"wp","href":"https:\/\/api.w.org\/{rel}","templated":true}]}}