{"id":113176,"date":"2025-05-20T01:47:16","date_gmt":"2025-05-20T01:47:16","guid":{"rendered":"https:\/\/www.europesays.com\/fr\/113176\/"},"modified":"2025-05-20T01:47:16","modified_gmt":"2025-05-20T01:47:16","slug":"maries-au-premier-regard-anthony-et-sophie-apres-lechec-de-leur-mariage-ils-passent-le-week-end-ensemble","status":"publish","type":"post","link":"https:\/\/www.europesays.com\/fr\/113176\/","title":{"rendered":"\u00ab\u00a0Mari\u00e9s au premier regard\u00a0\u00bb : Anthony et Sophie, apr\u00e8s l&rsquo;\u00e9chec de leur mariage, ils passent le week-end ensemble"},"content":{"rendered":"<p>Sophie et <a href=\"https:\/\/www.public.fr\/maries-au-premier-regard-anthony-choque-les-internautes-avec-ses-propos-sur-sa-femme-laury-il-se-prend-pour-qui\" target=\"_blank\" rel=\"noopener\">Anthony<\/a> n\u2019ont peut-\u00eatre pas trouv\u00e9 l\u2019amour en participant \u00e0 <strong><a href=\"https:\/\/vsd.fr\/tag\/maries-au-premier-regard\/\" target=\"_blank\" rel=\"noopener\">\u00ab\u00a0Mari\u00e9s au premier regard\u00a0\u00bb<\/a><\/strong>, mais ils ont r\u00e9ussi \u00e0 trouver une belle famille. En effet, les deux candidats de la derni\u00e8re saison du programme, ont pass\u00e9 le week-end en compagnie d\u2019anciens participants de l\u2019\u00e9mission.<\/p>\n<p>Pendant deux jours,<strong> Marl\u00e8ne de la saison 3, Matthieu de la saison 4, ou encore Yannick<\/strong>, ont pass\u00e9 le 17 et le 18 mai ensemble, dans une sublime villa situ\u00e9e dans le Var. Au programme, activit\u00e9s sportives, soir\u00e9es festives, et surtout beaucoup de rires.<\/p>\n<p>Anthony et Sophie n&rsquo;ont pas trouv\u00e9 l&rsquo;amour dans \u00ab\u00a0Mari\u00e9s au premier regard\u00a0\u00bb<\/p>\n<p>Pour rappel, Sophie participe \u00e0 la saison 9 de <strong>\u00ab\u00a0Mari\u00e9s au premier regard\u00a0\u00bb.<\/strong> Alors que son mariage avec Guillaume a tr\u00e8s bien d\u00e9but\u00e9, la situation a rapidement d\u00e9g\u00e9n\u00e9r\u00e9 lors de son voyage de noces. Son compagnon, pourtant attentionn\u00e9 et \u00ab\u00a0amoureux\u00a0\u00bb lors de leur rencontre devant l\u2019autel, s\u2019est finalement \u00e9loign\u00e9 au fil des jours.<\/p>\n<p>La danseuse originaire d\u2019Antibes, l\u2019a finalement confront\u00e9 pour conna\u00eetre la v\u00e9rit\u00e9 sur ses sentiments. Le principal int\u00e9ress\u00e9 lui a alors avou\u00e9 qu\u2019il ne ressentait pas d\u2019amour pour elle, conduisant \u00e0 leur divorce.<\/p>\n<p>Du c\u00f4t\u00e9 d\u2019Anthony, <a href=\"https:\/\/www.public.fr\/maries-au-premier-regard-apres-sophie-et-guillaume-un-deuxieme-divorce-officialise-spoiler\" target=\"_blank\" rel=\"noopener\">la situation a \u00e9t\u00e9 similaire avec Laury.<\/a> Suite \u00e0 une mauvaise impression lors de leur premier jour en tant que \u00ab\u00a0mari\u00e9s\u00a0\u00bb, le jeune homme n\u2019a jamais r\u00e9ussi \u00e0 passer \u00e0 autre chose et se projeter avec sa femme. Les deux ont donc pris la d\u00e9cision de se s\u00e9parer, avant m\u00eame le bilan avec les experts de <strong>\u00ab\u00a0Mari\u00e9s au premier regard\u00a0\u00bb.<\/strong>\u00a0<\/p>\n<p>Mais ont toutefois trouv\u00e9 une belle \u00ab\u00a0famille\u00a0\u00bb gr\u00e2ce \u00e0 l&rsquo;\u00e9mission<\/p>\n<p>Sophie et Anthony gardent n\u00e9anmoins de bons souvenirs du tournage de l\u2019\u00e9mission. Dans le cas contraire, ils ne partageraient pas de moments complices avec les autres anciens candidats du programme.<\/p>\n<p>En effet, au cours du week-end, comme \u00e9voqu\u00e9, <strong>les deux ont pu retrouver de nombreux anciens de l\u2019\u00e9mission<\/strong>. En plus de Yannick, Marl\u00e8ne, et Matthieu, Fr\u00e9d\u00e9ric, Alexandre, Cyndie, Damien, ou encore Maurine, faisaient partie du groupe.\u00a0<\/p>\n<p>\u00ab\u00a0Toujours un vrai bonheur de se retrouver. Les images parlent d\u2019elles-m\u00eames. Des activit\u00e9s au top, des soir\u00e9es m\u00e9morables, des anecdotes toujours plus folles. Ces week-ends nous rechargent \u00e0 bloc avant de replonger dans nos vies bien remplies\u00a0\u00bb, a \u00e9crit Fr\u00e9d\u00e9ric en l\u00e9gende d\u2019une publication dans laquelle la \u00ab\u00a0famille\u00a0\u00bb <strong>\u00ab\u00a0Mari\u00e9s au premier regard\u00a0\u00bb<\/strong> appara\u00eet.\u00a0<\/p>\n<p>Sophie semble avoir pass\u00e9 un excellent moment comme en t\u00e9moigne son commentaire sous la publication de Fr\u00e9d\u00e9ric :<strong> \u00ab\u00a0C&rsquo;\u00e9tait trop bien\u00a0\u00bb<\/strong>, s\u2019est-elle r\u00e9jouie. Reste \u00e0 savoir si des rapprochements ont eu lieu au cours du week-end.\u00a0<\/p>\n<p>      Mentionn\u00e9s dans cet article<\/p>\n<p>\u00c0 lire aussi<\/p>\n","protected":false},"excerpt":{"rendered":"Sophie et Anthony n\u2019ont peut-\u00eatre pas trouv\u00e9 l\u2019amour en participant \u00e0 \u00ab\u00a0Mari\u00e9s au premier regard\u00a0\u00bb, mais ils ont&hellip;\n","protected":false},"author":2,"featured_media":113177,"comment_status":"","ping_status":"","sticky":false,"template":"","format":"standard","meta":{"footnotes":""},"categories":[1356],"tags":[58,59,1011,27,494,6218,252,1364],"class_list":{"0":"post-113176","1":"post","2":"type-post","3":"status-publish","4":"format-standard","5":"has-post-thumbnail","7":"category-television","8":"tag-divertissement","9":"tag-entertainment","10":"tag-fr","11":"tag-france","12":"tag-m6","13":"tag-maries-au-premier-regard","14":"tag-television","15":"tag-tv"},"share_on_mastodon":{"url":"https:\/\/pubeurope.com\/@fr\/114537643770673893","error":""},"_links":{"self":[{"href":"https:\/\/www.europesays.com\/fr\/wp-json\/wp\/v2\/posts\/113176","targetHints":{"allow":["GET"]}}],"collection":[{"href":"https:\/\/www.europesays.com\/fr\/wp-json\/wp\/v2\/posts"}],"about":[{"href":"https:\/\/www.europesays.com\/fr\/wp-json\/wp\/v2\/types\/post"}],"author":[{"embeddable":true,"href":"https:\/\/www.europesays.com\/fr\/wp-json\/wp\/v2\/users\/2"}],"replies":[{"embeddable":true,"href":"https:\/\/www.europesays.com\/fr\/wp-json\/wp\/v2\/comments?post=113176"}],"version-history":[{"count":0,"href":"https:\/\/www.europesays.com\/fr\/wp-json\/wp\/v2\/posts\/113176\/revisions"}],"wp:featuredmedia":[{"embeddable":true,"href":"https:\/\/www.europesays.com\/fr\/wp-json\/wp\/v2\/media\/113177"}],"wp:attachment":[{"href":"https:\/\/www.europesays.com\/fr\/wp-json\/wp\/v2\/media?parent=113176"}],"wp:term":[{"taxonomy":"category","embeddable":true,"href":"https:\/\/www.europesays.com\/fr\/wp-json\/wp\/v2\/categories?post=113176"},{"taxonomy":"post_tag","embeddable":true,"href":"https:\/\/www.europesays.com\/fr\/wp-json\/wp\/v2\/tags?post=113176"}],"curies":[{"name":"wp","href":"https:\/\/api.w.org\/{rel}","templated":true}]}}