{"id":1131830,"date":"2026-08-17T06:26:38","date_gmt":"2026-08-17T06:26:38","guid":{"rendered":"https:\/\/www.europesays.com\/fr\/1131830\/"},"modified":"2026-08-17T06:26:38","modified_gmt":"2026-08-17T06:26:38","slug":"championnats-deurope-de-natation-un-dieu-un-monstre-une-certitude-et-des-carences-a-deux-ans-des-jo-2028","status":"publish","type":"post","link":"https:\/\/www.europesays.com\/fr\/1131830\/","title":{"rendered":"Championnats d\u2019Europe de natation\u00a0: Un dieu, un monstre, une certitude et des carences \u00e0 deux ans des JO 2028"},"content":{"rendered":"<p>Au Centre Aquatique Olympique de Saint-Denis,<\/p>\n<p>Ce n\u2019est pas encore l\u2019opulence, mais la natation fran\u00e7aise serait bien culott\u00e9e de <a href=\"https:\/\/www.20minutes.fr\/sport\/championnat_d_europe-1\/\" class=\"c-link c-link--is-underlined\" rel=\"nofollow noopener\" target=\"_blank\">se plaindre de ses Championnats d\u2019Europe<\/a> apr\u00e8s avoir un temps envisag\u00e9 un catastrophique double-forfait de L\u00e9on Marchand et de Maxime Grousset. L\u2019un touch\u00e9 aux adducteurs et contraint de faire une croix sur les 200 et 400\u00a0m 4 nages, l\u2019autre touch\u00e9 au pied sans savoir s\u2019il avait le niveau pour bien figurer dans le Centre Aquatique Olympique de Saint-Denis, avaient tr\u00e8s vite balay\u00e9 les doutes en d\u00e9but de semaine quant \u00e0 leur capacit\u00e9 \u00e0 honorer leur statut de locomotives. Dimanche, ils ont ajout\u00e9 la cerise sur le g\u00e2teau, surtout Marchand, dont on ignore encore les limites.<\/p>\n<p>L\u00e9on Marchand peut voir tr\u00e8s grand en nage libre<\/p>\n<p>Avant les championnats, le Toulousain \u00e9tait s\u00fbr de pouvoir \u00ab\u00a0s\u2019amuser\u00a0\u00bb sur nage libre. Terrifier la concurrence serait un terme plus appropri\u00e9. Lundi dernier, il avait lanc\u00e9 le relais du 4 x 200\u00a0m nage libre en signant la meilleure performance de l\u2019ann\u00e9e et le 6e chrono de l\u2019histoire sur la distance en 1&rsquo;43\u00a0\u00bb76, un temps qui lui aurait permis de battre David Popovici (1&rsquo;44\u00a0\u00bb15 en finale du 200\u00a0m). <a href=\"https:\/\/www.20minutes.fr\/sport\/natation\/4239361-20260816-direct-championnats-europe-natation-belle-surprise-leon-marchand-400-finir-suivez-courses\" class=\"c-link c-link--is-underlined\" rel=\"nofollow noopener\" target=\"_blank\">Dimanche, il a termin\u00e9 la semaine en envoyant un nouveau message<\/a> avec un titre sur 400\u00a0m nage libre au terme d\u2019une course o\u00f9 il n\u2019a pas vraiment cherch\u00e9 \u00e0 calculer.<\/p>\n<blockquote class=\"mx-m@xs mx-xxl@md color-ultramarine c-citation\">\n<p class=\"font-weight-regular@xs text-italic font-source-serif-pro text-l@xs c-citation__content\">\u00ab\u00a0J\u2019ai essay\u00e9 de partir un peu vite, de voir ce que \u00e7a pouvait donner, mais c\u2019\u00e9tait bien parce que j\u2019ai quand m\u00eame gard\u00e9 mes jambes sur les 100 derniers m\u00e8tres, souriait L\u00e9on Marcand. Heureusement parce que derri\u00e8re, \u00e7a revenait. Strat\u00e9giquement, je pense qu\u2019il y a encore plein de choses que je peux am\u00e9liorer, mais je suis champion d\u2019Europe du 400\u00a0m\u00a0!\u00a0\u00bb<\/p>\n<\/blockquote>\n<p>Le prot\u00e9g\u00e9 de Bob Bowman peut aspirer \u00e0 mieux. Sur la route des JO de LA 2028, les Mondiaux de P\u00e9kin en petit bassin qu\u2019il a annonc\u00e9 vouloir disputer au mois de d\u00e9cembre, puis les championnats du monde\u00a02027 \u00e0 Budapest, lui permettront de mesurer ses progr\u00e8s sur la distance. Avec un chrono de 3&rsquo;43\u00a0\u00bb14, <a href=\"https:\/\/www.20minutes.fr\/sport\/natation\/4239328-20260815-championnats-europe-natation-leon-marchand-decouverte-titre-continental-avant-celle-400-nage-libre\" class=\"c-link c-link--is-underlined\" rel=\"nofollow noopener\" target=\"_blank\">il am\u00e9liore son record personnel d\u2019une seconde et demie<\/a> et comble doucement mais s\u00fbrement son retard sur le record du monde de Lukas Martens en 3&rsquo;39\u00a0\u00bb96. \u00ab\u00a0Je suis plus rapide que ce que je pensais sur le 200 et sur le 400 c\u2019est \u00e0 peu pr\u00e8s ce que je voulais faire, donc c\u2019est bien parti.\u00a0\u00bb On n\u2019oubliera pas, non plus, que L\u00e9on Marchand a repris une seconde et demie sur ses concurrents sur le 100\u00a0m papillon du relais 4 x 100\u00a0m 4 nages. La question n\u2019est plus de savoir ce qu\u2019il peut nager mais plut\u00f4t ce qu\u2019il ne sait pas nager.<\/p>\n<p>Maxime Grousset, deuxi\u00e8me leader<\/p>\n<p>Deuxi\u00e8me leader de la natation tricolore, le Cal\u00e9donien a tout connu sur ces Championnats d\u2019Europe, <a href=\"https:\/\/www.20minutes.fr\/sport\/4239224-20260814-direct-championats-europe-natation-mission-record-monde-leon-marchand-200-papillon-suivez-courses\" class=\"c-link c-link--is-underlined\" rel=\"nofollow noopener\" target=\"_blank\">y compris un flop monumental avec ce faux d\u00e9part sans cons\u00e9quence<\/a> sur le relais mixte 4&#215;100 m. A peine de quoi \u00e9corner sa copie au terme d\u2019une semaine sous le signe du stakhanovisme. \u00ab\u00a0Bilan parfait, j\u2019ai toutes les couleurs [de m\u00e9dailles], se r\u00e9jouissait Grousset dimanche soir. C\u2019est vraiment plus que positif. Je ne pensais pas faire tout \u00e7a en arrivant ici.\u00a0\u00bb<\/p>\n<p>Avec l\u2019argent sur 50 et 100\u00a0m papillon &#8211; sans \u00eatre \u00e0 100\u00a0% &#8211; et une pr\u00e9sence de patron sur les relais, Grousset assoit sa place dans le paysage, et son entra\u00eeneur Michel Chr\u00e9tien estime qu\u2019il a pos\u00e9 les bases pour la suite de l\u2019Olympiade. \u00ab\u00a0Il prouve par son niveau de performance qu\u2019il est toujours l\u00e0. Il est deuxi\u00e8me mondial. Les Jeux, c\u2019est la course d\u2019un jour certes, mais avec l\u2019exp\u00e9rience qu\u2019il est en train d\u2019engranger en papillon, en faisant des choix maintenant sur la nage libre, sur le pap, en \u00e9tant de plus en plus persuad\u00e9 qu\u2019il est capable de nager tr\u00e8s vite un 50 papillon et un 100 papillon, je crois que \u00e7a va nous simplifier la t\u00e2che dans les deux ans qui viennent.\u00a0\u00bb<\/p>\n<p>Mary-Ambre Moluh a enfin perc\u00e9<\/p>\n<p>A l\u2019image de L\u00e9on Marchand sur la finale du 400\u00a0m nage libre, <a href=\"https:\/\/www.20minutes.fr\/sport\/natation\/4239320-20260815-direct-championnats-europe-natation-leon-marchand-vise-or-grande-soiree-france-perspective-suivez-courses\" class=\"c-link c-link--is-underlined\" rel=\"nofollow noopener\" target=\"_blank\">Mary-Ambre Moluh a couru la finale du 100\u00a0m dos en patronne<\/a> qu\u2019elle aspire \u00eatre, en menant du d\u00e9but \u00e0 la fin pour aller d\u00e9crocher l\u2019or avec un record d\u2019Europe en prime. \u00ab\u00a0J\u2019ai jamais \u00e9t\u00e9 vraiment un peu attendue. \u00c7a m\u2019a stress\u00e9e. Apr\u00e8s, je ne faisais que de me dire \u00ab\u00a0imagine quand tu seras en finale olympique, \u00e7a sera dix fois pire\u00a0\u00bb. \u00c7a me pr\u00e9pare pour les ambitions que j\u2019ai dans le futur.\u00a0\u00bb<\/p>\n<p>A seulement 20 ans, avec talent et personnalit\u00e9, la dossiste de l\u2019US Cr\u00e9teil avance vers les JO comme une nouvelle potentielle pourvoyeuse de m\u00e9dailles. \u00ab\u00a0Mary-Ambre apporte de la densit\u00e9 \u00e0 cette \u00e9quipe, se satisfait le DTN Denis Auguin. On va en avoir besoin aux Jeux si on veut \u00eatre une nation conqu\u00e9rante. On en aura aussi besoin pour les relais.\u00a0\u00bb<\/p>\n<p>La brasse encore trop juste, le demi-fond orphelin de Kirpichnikova<\/p>\n<p>A mi-chemin du cycle quadriennal, Denis Auguin refuse en revanche de vendre du r\u00eave l\u00e0 o\u00f9 il n\u2019y a plus d\u2019espoir. \u00ab\u00a0On ne pourra pas boucher les trous d\u2019ici Los Angeles.\u00a0\u00bb Sous-entendu, la France devra se r\u00e9soudre \u00e0 sous performer en brasse et en demi-fond. Sur longue distance, la natation fran\u00e7aise vient de perdre pour de bon sa m\u00e9daill\u00e9e d\u2019argent aux JO 2024, Anastasiia Kirpichnikova, laquelle a fini par annoncer la fin de sa carri\u00e8re (\u00e0 26 ans) apr\u00e8s s\u2019\u00eatre un temps \u00e9vapor\u00e9e dans la nature. Dans un entretien \u00e0 RMC et L\u2019Equipe, la nageuse a expliqu\u00e9 avoir perdu l\u2019envie de s\u2019entra\u00eener. \u00ab\u00a0Si j\u2019avais encore un tout petit peu d\u2019envie en moi, je n\u2019aurais pas arr\u00eat\u00e9. Mais l\u00e0 non, c\u2019est fini.\u00a0\u00bb Il faudra faire avec.<\/p>\n","protected":false},"excerpt":{"rendered":"Au Centre Aquatique Olympique de Saint-Denis, Ce n\u2019est pas encore l\u2019opulence, mais la natation fran\u00e7aise serait bien culott\u00e9e&hellip;\n","protected":false},"author":2,"featured_media":1131831,"comment_status":"","ping_status":"","sticky":false,"template":"","format":"standard","meta":{"footnotes":"","_share_on_mastodon":"0"},"categories":[2],"tags":[11,2180,1011,27,662,13283,32778,5216,12,626,25,517],"class_list":["post-1131830","post","type-post","status-publish","format-standard","has-post-thumbnail","category-actualites","tag-actualites","tag-championnats-deurope","tag-fr","tag-france","tag-ile-de-france","tag-leon-marchand","tag-maxime-grousset","tag-natation","tag-news","tag-paris","tag-republique-francaise","tag-sport"],"share_on_mastodon":{"url":"https:\/\/pubeurope.com\/@fr\/117109429826602421","error":""},"_links":{"self":[{"href":"https:\/\/www.europesays.com\/fr\/wp-json\/wp\/v2\/posts\/1131830","targetHints":{"allow":["GET"]}}],"collection":[{"href":"https:\/\/www.europesays.com\/fr\/wp-json\/wp\/v2\/posts"}],"about":[{"href":"https:\/\/www.europesays.com\/fr\/wp-json\/wp\/v2\/types\/post"}],"author":[{"embeddable":true,"href":"https:\/\/www.europesays.com\/fr\/wp-json\/wp\/v2\/users\/2"}],"replies":[{"embeddable":true,"href":"https:\/\/www.europesays.com\/fr\/wp-json\/wp\/v2\/comments?post=1131830"}],"version-history":[{"count":0,"href":"https:\/\/www.europesays.com\/fr\/wp-json\/wp\/v2\/posts\/1131830\/revisions"}],"wp:featuredmedia":[{"embeddable":true,"href":"https:\/\/www.europesays.com\/fr\/wp-json\/wp\/v2\/media\/1131831"}],"wp:attachment":[{"href":"https:\/\/www.europesays.com\/fr\/wp-json\/wp\/v2\/media?parent=1131830"}],"wp:term":[{"taxonomy":"category","embeddable":true,"href":"https:\/\/www.europesays.com\/fr\/wp-json\/wp\/v2\/categories?post=1131830"},{"taxonomy":"post_tag","embeddable":true,"href":"https:\/\/www.europesays.com\/fr\/wp-json\/wp\/v2\/tags?post=1131830"}],"curies":[{"name":"wp","href":"https:\/\/api.w.org\/{rel}","templated":true}]}}